{"id":87378,"date":"2023-07-28T18:39:57","date_gmt":"2023-07-28T18:39:57","guid":{"rendered":"https:\/\/estado29.mx\/?p=87378"},"modified":"2023-07-28T18:39:58","modified_gmt":"2023-07-28T18:39:58","slug":"externo-presidente-municipal-de-huamantla-felicitacion-a-ixtenco-por-nombramiento-como-pueblo-magico","status":"publish","type":"post","link":"https:\/\/estado29.mx\/?p=87378","title":{"rendered":"Extern\u00f3 Presidente Municipal de Huamantla felicitaci\u00f3n a Ixtenco por nombramiento como Pueblo M\u00e1gico."},"content":{"rendered":"\n<p>El Presidente Municipal de Huamantla, Juan Salvador Santos Cedillo, extern\u00f3 su felicitaci\u00f3n al municipio de Ixtenco por el reciente nombramiento como Pueblo M\u00e1gico.<\/p>\n\n\n\n<p><br>El alcalde enfatiz\u00f3, que este nombramiento resultar\u00e1 ben\u00e9fico tambi\u00e9n para Huamantla en el tema econ\u00f3mico, debido a la cercan\u00eda de ambos municipios \u201cpues muy contento, la verdad, felicitar al Pueblo M\u00e1gico de Ixtenco, ahora que tiene este nombramiento, me enorgullece porque, pues somos Pueblos M\u00e1gicos ahora ya vecinos y esto va a ayudarnos much\u00edsimo en un tema econ\u00f3mico porque, la cercan\u00eda que tenemos hace que, pues el turismo tenga oportunidad de visitar dos partes tur\u00edsticas, en la Zona Oriente y va a fortalecer mucho esta parte, f\u00edjate que ya he visto algunos youtubers o unas personas que han pasado y que han ido incluso a otros Pueblos M\u00e1gicos y pasan por Ixtenco y por Huamantla y se llevan un buen sabor de boca, no lo pueden creer\u201d.<\/p>\n\n\n\n<p><br>Agreg\u00f3 que es un gran logro del Gobierno del Estado, el tener ya en Tlaxcala, tres Pueblos M\u00e1gicos, asimismo, reconoci\u00f3 el esfuerzo de la presente administraci\u00f3n de Ixtenco y los pobladores, por mantener sus costumbres y tradiciones, por generaciones \u201centonces ya tener tres Pueblos M\u00e1gicos en Tlaxcala, creo que es un logro bien importante, de la Gobernadora, nosotros vamos a trabajar igual de la mano, lo que necesite el presidente Renato, cuenta con un amigo, ha hecho un gran esfuerzo por el municipio, tambi\u00e9n un gran trabajo de las personas de Ixtenco, de sus artesanos, de las personas que tienen sus negocios, de los que han echado ganas\u201d.<\/p>\n\n\n\n<p><br>Finalmente, reconoci\u00f3 el esfuerzo que han realizado autoridades municipales y pobladores, para preservar sus costumbres, tradiciones y cultura \u201cel \u00faltimo reducto Otom\u00ed que queda y que creo que es un reflejo de que las cosas se pueden hacer bien y que querer es poder y ya lo lograron\u201d.<\/p>\n\n\n<figure class=\"wp-block-post-featured-image\"><img loading=\"lazy\" decoding=\"async\" width=\"2560\" height=\"1920\" src=\"https:\/\/estado29.mx\/wp-content\/uploads\/2023\/06\/IMG_20230605_123224-min-scaled.jpg\" class=\"attachment-post-thumbnail size-post-thumbnail wp-post-image\" alt=\"\" style=\"object-fit:cover;\" srcset=\"https:\/\/estado29.mx\/wp-content\/uploads\/2023\/06\/IMG_20230605_123224-min-scaled.jpg 2560w, https:\/\/estado29.mx\/wp-content\/uploads\/2023\/06\/IMG_20230605_123224-min-300x225.jpg 300w, https:\/\/estado29.mx\/wp-content\/uploads\/2023\/06\/IMG_20230605_123224-min-1024x768.jpg 1024w, https:\/\/estado29.mx\/wp-content\/uploads\/2023\/06\/IMG_20230605_123224-min-768x576.jpg 768w, https:\/\/estado29.mx\/wp-content\/uploads\/2023\/06\/IMG_20230605_123224-min-1536x1152.jpg 1536w, https:\/\/estado29.mx\/wp-content\/uploads\/2023\/06\/IMG_20230605_123224-min-2048x1536.jpg 2048w, https:\/\/estado29.mx\/wp-content\/uploads\/2023\/06\/IMG_20230605_123224-min-750x563.jpg 750w, https:\/\/estado29.mx\/wp-content\/uploads\/2023\/06\/IMG_20230605_123224-min-1140x855.jpg 1140w\" sizes=\"auto, (max-width: 2560px) 100vw, 2560px\" \/><\/figure>","protected":false},"excerpt":{"rendered":"<p>El Presidente Municipal de Huamantla, Juan Salvador Santos Cedillo, extern\u00f3 su felicitaci\u00f3n al municipio de Ixtenco por el reciente nombramiento como Pueblo M\u00e1gico. El alcalde enfatiz\u00f3, que este nombramiento resultar\u00e1 ben\u00e9fico tambi\u00e9n para Huamantla en el tema econ\u00f3mico, debido a la cercan\u00eda de ambos municipios \u201cpues muy contento, la verdad, felicitar al Pueblo M\u00e1gico de [&hellip;]<\/p>\n","protected":false},"author":7,"featured_media":86662,"comment_status":"open","ping_status":"open","sticky":false,"template":"","format":"standard","meta":{"om_disable_all_campaigns":false,"_monsterinsights_skip_tracking":false,"_monsterinsights_sitenote_active":false,"_monsterinsights_sitenote_note":"","_monsterinsights_sitenote_category":0,"jnews-multi-image_gallery":[],"jnews_single_post":{"subtitle":"","format":"standard","video":"","gallery":"","source_name":"","source_url":"","via_name":"","via_url":"","override_template":"0","override":[{"template":"1","single_blog_custom":"","parallax":"1","fullscreen":"1","layout":"right-sidebar","sidebar":"default-sidebar","second_sidebar":"default-sidebar","sticky_sidebar":"1","share_position":"top","share_float_style":"share-monocrhome","show_share_counter":"1","show_view_counter":"1","show_featured":"1","show_post_meta":"1","show_post_author":"1","show_post_author_image":"1","show_post_date":"1","post_date_format":"default","post_date_format_custom":"Y\/m\/d","show_post_category":"1","show_post_reading_time":"0","post_reading_time_wpm":"300","show_zoom_button":"0","zoom_button_out_step":"2","zoom_button_in_step":"3","show_post_tag":"1","show_prev_next_post":"1","show_popup_post":"1","number_popup_post":"1","show_author_box":"1","show_post_related":"0","show_inline_post_related":"0"}],"override_image_size":"0","image_override":[{"single_post_thumbnail_size":"crop-500","single_post_gallery_size":"crop-500"}],"trending_post":"0","trending_post_position":"meta","trending_post_label":"Trending","sponsored_post":"0","sponsored_post_label":"Sponsored by","sponsored_post_name":"","sponsored_post_url":"","sponsored_post_logo_enable":"0","sponsored_post_logo":"","sponsored_post_desc":"","disable_ad":"0"},"jnews_primary_category":{"id":""},"footnotes":""},"categories":[1],"tags":[],"class_list":["post-87378","post","type-post","status-publish","format-standard","has-post-thumbnail","hentry","category-uncategorized"],"aioseo_notices":[],"_links":{"self":[{"href":"https:\/\/estado29.mx\/index.php?rest_route=\/wp\/v2\/posts\/87378","targetHints":{"allow":["GET"]}}],"collection":[{"href":"https:\/\/estado29.mx\/index.php?rest_route=\/wp\/v2\/posts"}],"about":[{"href":"https:\/\/estado29.mx\/index.php?rest_route=\/wp\/v2\/types\/post"}],"author":[{"embeddable":true,"href":"https:\/\/estado29.mx\/index.php?rest_route=\/wp\/v2\/users\/7"}],"replies":[{"embeddable":true,"href":"https:\/\/estado29.mx\/index.php?rest_route=%2Fwp%2Fv2%2Fcomments&post=87378"}],"version-history":[{"count":1,"href":"https:\/\/estado29.mx\/index.php?rest_route=\/wp\/v2\/posts\/87378\/revisions"}],"predecessor-version":[{"id":87379,"href":"https:\/\/estado29.mx\/index.php?rest_route=\/wp\/v2\/posts\/87378\/revisions\/87379"}],"wp:featuredmedia":[{"embeddable":true,"href":"https:\/\/estado29.mx\/index.php?rest_route=\/wp\/v2\/media\/86662"}],"wp:attachment":[{"href":"https:\/\/estado29.mx\/index.php?rest_route=%2Fwp%2Fv2%2Fmedia&parent=87378"}],"wp:term":[{"taxonomy":"category","embeddable":true,"href":"https:\/\/estado29.mx\/index.php?rest_route=%2Fwp%2Fv2%2Fcategories&post=87378"},{"taxonomy":"post_tag","embeddable":true,"href":"https:\/\/estado29.mx\/index.php?rest_route=%2Fwp%2Fv2%2Ftags&post=87378"}],"curies":[{"name":"wp","href":"https:\/\/api.w.org\/{rel}","templated":true}]}}