{"id":87380,"date":"2023-07-28T18:41:35","date_gmt":"2023-07-28T18:41:35","guid":{"rendered":"https:\/\/estado29.mx\/?p=87380"},"modified":"2023-07-28T18:41:36","modified_gmt":"2023-07-28T18:41:36","slug":"nombramiento-a-ixtenco-como-pueblo-magico-sera-un-reto-renato-sanchez-rojas","status":"publish","type":"post","link":"https:\/\/estado29.mx\/?p=87380","title":{"rendered":"Nombramiento a Ixtenco como Pueblo M\u00e1gico ser\u00e1 un reto: Renato S\u00e1nchez Rojas."},"content":{"rendered":"\n<p>Tras el reciente nombramiento a Ixtenco como Pueblo M\u00e1gico, Presidente Municipal, Renato S\u00e1nchez Rojas, extern\u00f3 su alegr\u00eda por el reconocimiento que se le dio a las costumbres y tradiciones del lugar.<\/p>\n\n\n\n<p><br>El alcalde reconoci\u00f3 el esfuerzo de los pobladores, por la preservaci\u00f3n de las costumbres, tradiciones y cultura, as\u00ed como la lengua Otom\u00ed \u201cpues, por un lado, nos da much\u00edsima alegr\u00eda, que se nos haya reconocido la cultura, la tradici\u00f3n de la comunidad de Ixtenco, el esfuerzo que han hecho los habitantes por preservarlo, por generaciones\u201d.<\/p>\n\n\n<figure class=\"wp-block-post-featured-image\"><img loading=\"lazy\" decoding=\"async\" width=\"1280\" height=\"768\" src=\"https:\/\/estado29.mx\/wp-content\/uploads\/2023\/03\/IMG-20230328-WA0011.jpg\" class=\"attachment-post-thumbnail size-post-thumbnail wp-post-image\" alt=\"\" style=\"object-fit:cover;\" srcset=\"https:\/\/estado29.mx\/wp-content\/uploads\/2023\/03\/IMG-20230328-WA0011.jpg 1280w, https:\/\/estado29.mx\/wp-content\/uploads\/2023\/03\/IMG-20230328-WA0011-300x180.jpg 300w, https:\/\/estado29.mx\/wp-content\/uploads\/2023\/03\/IMG-20230328-WA0011-1024x614.jpg 1024w, https:\/\/estado29.mx\/wp-content\/uploads\/2023\/03\/IMG-20230328-WA0011-768x461.jpg 768w, https:\/\/estado29.mx\/wp-content\/uploads\/2023\/03\/IMG-20230328-WA0011-750x450.jpg 750w, https:\/\/estado29.mx\/wp-content\/uploads\/2023\/03\/IMG-20230328-WA0011-1140x684.jpg 1140w\" sizes=\"auto, (max-width: 1280px) 100vw, 1280px\" \/><\/figure>\n\n\n<p><br>Por otra parte, dijo que este nombramiento, tambi\u00e9n representa un reto, el conservar este nombramiento, aunque, asegur\u00f3, se tienen las herramientas para asumirlo \u201cpor otro lado, pues el gran reto hist\u00f3rico de conservar este nombramiento, de enaltecer el turismo, no solo en el Estado, sino a nivel Nacional, entonces, es un gran reto, pero estamos dispuestos y sabemos, tenemos herramientas para asumirlo\u201d.<\/p>\n","protected":false},"excerpt":{"rendered":"<p>Tras el reciente nombramiento a Ixtenco como Pueblo M\u00e1gico, Presidente Municipal, Renato S\u00e1nchez Rojas, extern\u00f3 su alegr\u00eda por el reconocimiento que se le dio a las costumbres y tradiciones del lugar. El alcalde reconoci\u00f3 el esfuerzo de los pobladores, por la preservaci\u00f3n de las costumbres, tradiciones y cultura, as\u00ed como la lengua Otom\u00ed \u201cpues, por [&hellip;]<\/p>\n","protected":false},"author":7,"featured_media":85303,"comment_status":"open","ping_status":"open","sticky":false,"template":"","format":"standard","meta":{"om_disable_all_campaigns":false,"_monsterinsights_skip_tracking":false,"_monsterinsights_sitenote_active":false,"_monsterinsights_sitenote_note":"","_monsterinsights_sitenote_category":0,"jnews-multi-image_gallery":[],"jnews_single_post":{"subtitle":"","format":"standard","video":"","gallery":"","source_name":"","source_url":"","via_name":"","via_url":"","override_template":"0","override":[{"template":"1","single_blog_custom":"","parallax":"1","fullscreen":"1","layout":"right-sidebar","sidebar":"default-sidebar","second_sidebar":"default-sidebar","sticky_sidebar":"1","share_position":"top","share_float_style":"share-monocrhome","show_share_counter":"1","show_view_counter":"1","show_featured":"1","show_post_meta":"1","show_post_author":"1","show_post_author_image":"1","show_post_date":"1","post_date_format":"default","post_date_format_custom":"Y\/m\/d","show_post_category":"1","show_post_reading_time":"0","post_reading_time_wpm":"300","show_zoom_button":"0","zoom_button_out_step":"2","zoom_button_in_step":"3","show_post_tag":"1","show_prev_next_post":"1","show_popup_post":"1","number_popup_post":"1","show_author_box":"1","show_post_related":"0","show_inline_post_related":"0"}],"override_image_size":"0","image_override":[{"single_post_thumbnail_size":"crop-500","single_post_gallery_size":"crop-500"}],"trending_post":"0","trending_post_position":"meta","trending_post_label":"Trending","sponsored_post":"0","sponsored_post_label":"Sponsored by","sponsored_post_name":"","sponsored_post_url":"","sponsored_post_logo_enable":"0","sponsored_post_logo":"","sponsored_post_desc":"","disable_ad":"0"},"jnews_primary_category":{"id":""},"footnotes":""},"categories":[1],"tags":[],"class_list":["post-87380","post","type-post","status-publish","format-standard","has-post-thumbnail","hentry","category-uncategorized"],"aioseo_notices":[],"_links":{"self":[{"href":"https:\/\/estado29.mx\/index.php?rest_route=\/wp\/v2\/posts\/87380","targetHints":{"allow":["GET"]}}],"collection":[{"href":"https:\/\/estado29.mx\/index.php?rest_route=\/wp\/v2\/posts"}],"about":[{"href":"https:\/\/estado29.mx\/index.php?rest_route=\/wp\/v2\/types\/post"}],"author":[{"embeddable":true,"href":"https:\/\/estado29.mx\/index.php?rest_route=\/wp\/v2\/users\/7"}],"replies":[{"embeddable":true,"href":"https:\/\/estado29.mx\/index.php?rest_route=%2Fwp%2Fv2%2Fcomments&post=87380"}],"version-history":[{"count":1,"href":"https:\/\/estado29.mx\/index.php?rest_route=\/wp\/v2\/posts\/87380\/revisions"}],"predecessor-version":[{"id":87381,"href":"https:\/\/estado29.mx\/index.php?rest_route=\/wp\/v2\/posts\/87380\/revisions\/87381"}],"wp:featuredmedia":[{"embeddable":true,"href":"https:\/\/estado29.mx\/index.php?rest_route=\/wp\/v2\/media\/85303"}],"wp:attachment":[{"href":"https:\/\/estado29.mx\/index.php?rest_route=%2Fwp%2Fv2%2Fmedia&parent=87380"}],"wp:term":[{"taxonomy":"category","embeddable":true,"href":"https:\/\/estado29.mx\/index.php?rest_route=%2Fwp%2Fv2%2Fcategories&post=87380"},{"taxonomy":"post_tag","embeddable":true,"href":"https:\/\/estado29.mx\/index.php?rest_route=%2Fwp%2Fv2%2Ftags&post=87380"}],"curies":[{"name":"wp","href":"https:\/\/api.w.org\/{rel}","templated":true}]}}