{"id":87384,"date":"2023-07-31T03:00:00","date_gmt":"2023-07-31T03:00:00","guid":{"rendered":"https:\/\/estado29.mx\/?p=87384"},"modified":"2023-07-31T18:23:15","modified_gmt":"2023-07-31T18:23:15","slug":"inician-segunda-etapa-de-trabajos-en-el-andador-municipal-de-tequexquitla","status":"publish","type":"post","link":"https:\/\/estado29.mx\/?p=87384","title":{"rendered":"Inician Segunda Etapa de trabajos en el Andador Municipal de Tequexquitla."},"content":{"rendered":"\n<p>Este s\u00e1bado 29 de julio del a\u00f1o en curso, se iniciaron los trabajos de la Segunda Etapa del andador municipal.<\/p>\n\n\n\n<figure class=\"wp-block-image size-full\"><img loading=\"lazy\" decoding=\"async\" width=\"720\" height=\"441\" src=\"https:\/\/estado29.mx\/wp-content\/uploads\/2023\/07\/FB_IMG_16906865344522.jpg\" alt=\"\" class=\"wp-image-87386\" srcset=\"https:\/\/estado29.mx\/wp-content\/uploads\/2023\/07\/FB_IMG_16906865344522.jpg 720w, https:\/\/estado29.mx\/wp-content\/uploads\/2023\/07\/FB_IMG_16906865344522-300x184.jpg 300w\" sizes=\"auto, (max-width: 720px) 100vw, 720px\" \/><\/figure>\n\n\n\n<p><br>La Presidenta Municipal, Mar\u00eda Araceli Mart\u00ednez Cortez, dijo que, contin\u00faa trabajando por la mejora del municipio, en esta ocasi\u00f3n se iniciaron los trabajos de la segunda etapa de embellecimiento del andador municipal con el objetivo de crear espacios que le permitan a la sociedad tener un lugar a d\u00f3nde asistir y pasar un buen rato.<\/p>\n\n\n\n<p><br>La alcaldesa refiri\u00f3 que la segunda etapa incluye concretos artesanales, vegetaci\u00f3n, iluminaci\u00f3n y un espejo de agua.<br>Asimismo, Mart\u00ednez Cortez, asegur\u00f3 que continuar\u00e1 trabajando por el bienestar de la comunidad de Tequexquitla.<\/p>\n\n\n\n<p><br>Finalmente, invit\u00f3 a los habitantes del municipio a extremar precauciones durante el tiempo que se realicen dichos trabajos, para evitar accidentes.<\/p>\n\n\n<figure class=\"wp-block-post-featured-image\"><img loading=\"lazy\" decoding=\"async\" width=\"720\" height=\"372\" src=\"https:\/\/estado29.mx\/wp-content\/uploads\/2023\/07\/FB_IMG_16906865290902.jpg\" class=\"attachment-post-thumbnail size-post-thumbnail wp-post-image\" alt=\"\" style=\"object-fit:cover;\" srcset=\"https:\/\/estado29.mx\/wp-content\/uploads\/2023\/07\/FB_IMG_16906865290902.jpg 720w, https:\/\/estado29.mx\/wp-content\/uploads\/2023\/07\/FB_IMG_16906865290902-300x155.jpg 300w\" sizes=\"auto, (max-width: 720px) 100vw, 720px\" \/><\/figure>","protected":false},"excerpt":{"rendered":"<p>Este s\u00e1bado 29 de julio del a\u00f1o en curso, se iniciaron los trabajos de la Segunda Etapa del andador municipal. La Presidenta Municipal, Mar\u00eda Araceli Mart\u00ednez Cortez, dijo que, contin\u00faa trabajando por la mejora del municipio, en esta ocasi\u00f3n se iniciaron los trabajos de la segunda etapa de embellecimiento del andador municipal con el objetivo [&hellip;]<\/p>\n","protected":false},"author":7,"featured_media":87385,"comment_status":"open","ping_status":"open","sticky":false,"template":"","format":"standard","meta":{"om_disable_all_campaigns":false,"_monsterinsights_skip_tracking":false,"_monsterinsights_sitenote_active":false,"_monsterinsights_sitenote_note":"","_monsterinsights_sitenote_category":0,"jnews-multi-image_gallery":[],"jnews_single_post":{"subtitle":"","format":"standard","video":"","gallery":"","source_name":"","source_url":"","via_name":"","via_url":"","override_template":"0","override":[{"template":"1","single_blog_custom":"","parallax":"1","fullscreen":"1","layout":"right-sidebar","sidebar":"default-sidebar","second_sidebar":"default-sidebar","sticky_sidebar":"1","share_position":"top","share_float_style":"share-monocrhome","show_share_counter":"1","show_view_counter":"1","show_featured":"1","show_post_meta":"1","show_post_author":"1","show_post_author_image":"1","show_post_date":"1","post_date_format":"default","post_date_format_custom":"Y\/m\/d","show_post_category":"1","show_post_reading_time":"0","post_reading_time_wpm":"300","show_zoom_button":"0","zoom_button_out_step":"2","zoom_button_in_step":"3","show_post_tag":"1","show_prev_next_post":"1","show_popup_post":"1","number_popup_post":"1","show_author_box":"1","show_post_related":"0","show_inline_post_related":"0"}],"override_image_size":"0","image_override":[{"single_post_thumbnail_size":"crop-500","single_post_gallery_size":"crop-500"}],"trending_post":"0","trending_post_position":"meta","trending_post_label":"Trending","sponsored_post":"0","sponsored_post_label":"Sponsored by","sponsored_post_name":"","sponsored_post_url":"","sponsored_post_logo_enable":"0","sponsored_post_logo":"","sponsored_post_desc":"","disable_ad":"0"},"jnews_primary_category":{"id":""},"footnotes":""},"categories":[1],"tags":[],"class_list":["post-87384","post","type-post","status-publish","format-standard","has-post-thumbnail","hentry","category-uncategorized"],"aioseo_notices":[],"_links":{"self":[{"href":"https:\/\/estado29.mx\/index.php?rest_route=\/wp\/v2\/posts\/87384","targetHints":{"allow":["GET"]}}],"collection":[{"href":"https:\/\/estado29.mx\/index.php?rest_route=\/wp\/v2\/posts"}],"about":[{"href":"https:\/\/estado29.mx\/index.php?rest_route=\/wp\/v2\/types\/post"}],"author":[{"embeddable":true,"href":"https:\/\/estado29.mx\/index.php?rest_route=\/wp\/v2\/users\/7"}],"replies":[{"embeddable":true,"href":"https:\/\/estado29.mx\/index.php?rest_route=%2Fwp%2Fv2%2Fcomments&post=87384"}],"version-history":[{"count":3,"href":"https:\/\/estado29.mx\/index.php?rest_route=\/wp\/v2\/posts\/87384\/revisions"}],"predecessor-version":[{"id":87396,"href":"https:\/\/estado29.mx\/index.php?rest_route=\/wp\/v2\/posts\/87384\/revisions\/87396"}],"wp:featuredmedia":[{"embeddable":true,"href":"https:\/\/estado29.mx\/index.php?rest_route=\/wp\/v2\/media\/87385"}],"wp:attachment":[{"href":"https:\/\/estado29.mx\/index.php?rest_route=%2Fwp%2Fv2%2Fmedia&parent=87384"}],"wp:term":[{"taxonomy":"category","embeddable":true,"href":"https:\/\/estado29.mx\/index.php?rest_route=%2Fwp%2Fv2%2Fcategories&post=87384"},{"taxonomy":"post_tag","embeddable":true,"href":"https:\/\/estado29.mx\/index.php?rest_route=%2Fwp%2Fv2%2Ftags&post=87384"}],"curies":[{"name":"wp","href":"https:\/\/api.w.org\/{rel}","templated":true}]}}