{"id":87388,"date":"2023-07-31T03:12:09","date_gmt":"2023-07-31T03:12:09","guid":{"rendered":"https:\/\/estado29.mx\/?p=87388"},"modified":"2023-07-31T03:12:10","modified_gmt":"2023-07-31T03:12:10","slug":"reubicaran-vegetacion-retirada-por-nueva-obra-en-tequexquitla","status":"publish","type":"post","link":"https:\/\/estado29.mx\/?p=87388","title":{"rendered":"Reubicar\u00e1n vegetaci\u00f3n retirada por nueva obra en Tequexquitla."},"content":{"rendered":"\n<p>La presidenta Municipal de El Carmen Tequexquitla, Mar\u00eda Araceli Mart\u00ednez Cortez, refiri\u00f3 que la vegetaci\u00f3n que fue retirada donde se inici\u00f3 la segunda etapa del andador municipal ser\u00e1n reubicados.<\/p>\n\n\n\n<p><br>En este sentido, Mart\u00ednez Cortez, dijo que personal de servicios municipales trabaja con la reubicaci\u00f3n de \u00e1rboles en la unidad deportiva, mismos que durante a\u00f1os aportaron una imagen llena de vida en las jardineras de la presidencia municipal, ahora con la segunda etapa del andador municipal, estos arbolitos fueron trasladados en un lugar donde sin duda dar\u00e1n color e imagen.<\/p>\n\n\n\n<p><br>Mientras que en el andador se cambiar\u00e1 la vegetaci\u00f3n de acuerdo al dise\u00f1o e imagen que se tiene contemplado.<\/p>\n\n\n\n<p><br>Finalmente, la alcaldesa reconoci\u00f3 la importancia de los \u00e1rboles y lo mucho que aportan a la comunidad por esta raz\u00f3n, enfatiz\u00f3 la importancia del cuidado de la flora y fauna en el municipio.<\/p>\n\n\n<figure class=\"wp-block-post-featured-image\"><img loading=\"lazy\" decoding=\"async\" width=\"720\" height=\"431\" src=\"https:\/\/estado29.mx\/wp-content\/uploads\/2023\/07\/FB_IMG_16906866577922.jpg\" class=\"attachment-post-thumbnail size-post-thumbnail wp-post-image\" alt=\"\" style=\"object-fit:cover;\" srcset=\"https:\/\/estado29.mx\/wp-content\/uploads\/2023\/07\/FB_IMG_16906866577922.jpg 720w, https:\/\/estado29.mx\/wp-content\/uploads\/2023\/07\/FB_IMG_16906866577922-300x180.jpg 300w\" sizes=\"auto, (max-width: 720px) 100vw, 720px\" \/><\/figure>","protected":false},"excerpt":{"rendered":"<p>La presidenta Municipal de El Carmen Tequexquitla, Mar\u00eda Araceli Mart\u00ednez Cortez, refiri\u00f3 que la vegetaci\u00f3n que fue retirada donde se inici\u00f3 la segunda etapa del andador municipal ser\u00e1n reubicados. En este sentido, Mart\u00ednez Cortez, dijo que personal de servicios municipales trabaja con la reubicaci\u00f3n de \u00e1rboles en la unidad deportiva, mismos que durante a\u00f1os aportaron [&hellip;]<\/p>\n","protected":false},"author":7,"featured_media":87389,"comment_status":"open","ping_status":"open","sticky":false,"template":"","format":"standard","meta":{"om_disable_all_campaigns":false,"_monsterinsights_skip_tracking":false,"_monsterinsights_sitenote_active":false,"_monsterinsights_sitenote_note":"","_monsterinsights_sitenote_category":0,"jnews-multi-image_gallery":[],"jnews_single_post":{"subtitle":"","format":"standard","video":"","gallery":"","source_name":"","source_url":"","via_name":"","via_url":"","override_template":"0","override":[{"template":"1","single_blog_custom":"","parallax":"1","fullscreen":"1","layout":"right-sidebar","sidebar":"default-sidebar","second_sidebar":"default-sidebar","sticky_sidebar":"1","share_position":"top","share_float_style":"share-monocrhome","show_share_counter":"1","show_view_counter":"1","show_featured":"1","show_post_meta":"1","show_post_author":"1","show_post_author_image":"1","show_post_date":"1","post_date_format":"default","post_date_format_custom":"Y\/m\/d","show_post_category":"1","show_post_reading_time":"0","post_reading_time_wpm":"300","show_zoom_button":"0","zoom_button_out_step":"2","zoom_button_in_step":"3","show_post_tag":"1","show_prev_next_post":"1","show_popup_post":"1","number_popup_post":"1","show_author_box":"1","show_post_related":"0","show_inline_post_related":"0"}],"override_image_size":"0","image_override":[{"single_post_thumbnail_size":"crop-500","single_post_gallery_size":"crop-500"}],"trending_post":"0","trending_post_position":"meta","trending_post_label":"Trending","sponsored_post":"0","sponsored_post_label":"Sponsored by","sponsored_post_name":"","sponsored_post_url":"","sponsored_post_logo_enable":"0","sponsored_post_logo":"","sponsored_post_desc":"","disable_ad":"0"},"jnews_primary_category":{"id":""},"footnotes":""},"categories":[1],"tags":[],"class_list":["post-87388","post","type-post","status-publish","format-standard","has-post-thumbnail","hentry","category-uncategorized"],"aioseo_notices":[],"_links":{"self":[{"href":"https:\/\/estado29.mx\/index.php?rest_route=\/wp\/v2\/posts\/87388","targetHints":{"allow":["GET"]}}],"collection":[{"href":"https:\/\/estado29.mx\/index.php?rest_route=\/wp\/v2\/posts"}],"about":[{"href":"https:\/\/estado29.mx\/index.php?rest_route=\/wp\/v2\/types\/post"}],"author":[{"embeddable":true,"href":"https:\/\/estado29.mx\/index.php?rest_route=\/wp\/v2\/users\/7"}],"replies":[{"embeddable":true,"href":"https:\/\/estado29.mx\/index.php?rest_route=%2Fwp%2Fv2%2Fcomments&post=87388"}],"version-history":[{"count":1,"href":"https:\/\/estado29.mx\/index.php?rest_route=\/wp\/v2\/posts\/87388\/revisions"}],"predecessor-version":[{"id":87390,"href":"https:\/\/estado29.mx\/index.php?rest_route=\/wp\/v2\/posts\/87388\/revisions\/87390"}],"wp:featuredmedia":[{"embeddable":true,"href":"https:\/\/estado29.mx\/index.php?rest_route=\/wp\/v2\/media\/87389"}],"wp:attachment":[{"href":"https:\/\/estado29.mx\/index.php?rest_route=%2Fwp%2Fv2%2Fmedia&parent=87388"}],"wp:term":[{"taxonomy":"category","embeddable":true,"href":"https:\/\/estado29.mx\/index.php?rest_route=%2Fwp%2Fv2%2Fcategories&post=87388"},{"taxonomy":"post_tag","embeddable":true,"href":"https:\/\/estado29.mx\/index.php?rest_route=%2Fwp%2Fv2%2Ftags&post=87388"}],"curies":[{"name":"wp","href":"https:\/\/api.w.org\/{rel}","templated":true}]}}