{"id":87399,"date":"2023-07-31T18:55:54","date_gmt":"2023-07-31T18:55:54","guid":{"rendered":"https:\/\/estado29.mx\/?p=87399"},"modified":"2023-07-31T18:55:56","modified_gmt":"2023-07-31T18:55:56","slug":"reconoce-diputado-alejandro-aguilar-el-esfuerzo-de-pobladores-y-autoridades-de-ixtenco","status":"publish","type":"post","link":"https:\/\/estado29.mx\/?p=87399","title":{"rendered":"Reconoce Diputado Alejandro Aguilar el esfuerzo de pobladores y autoridades de Ixtenco."},"content":{"rendered":"\n<p>El Diputado Federal por Tlaxcala, Jos\u00e9 Alejandro Aguilar L\u00f3pez, reconoci\u00f3 el esfuerzo que realiz\u00f3 la comunidad de Ixtenco y del Presidente Municipal, Renato S\u00e1nchez Rojas, por obtener la denominaci\u00f3n de Pueblo M\u00e1gico.<\/p>\n\n\n\n<p><br>Dijo que gracias a la constancia y perseverancia de los habitantes del lugar y del Presidente, de defender a capa y espada, las costumbres y tradiciones, es que se logr\u00f3 este nombramiento \u201cbueno, en primer lugar reconocer, la constancia y perseverancia del pueblo de Ixtenco, si presidente, nuestro amigo, el Licenciado Renato, pues ha sido una persona que, ha defendido a capa y espada, tradiciones, costumbres y esto es lo que nos enorgullece, que se logr\u00f3 hacer ese equipo, con Gobierno del Estado, Secretar\u00eda de Turismo, Secretar\u00eda de Cultura, Gobierno Federal y un servidor, a trav\u00e9s de la Comisi\u00f3n de Cultura, pues ya se tiene este nuevo Pueblo M\u00e1gico para Tlaxcala, esto pues, se suma a diversos Pueblos M\u00e1gicos que tenemos en nuestro pa\u00eds\u201d.<\/p>\n\n\n\n<p><br>Agreg\u00f3 que los tlaxcaltecas debemos sentirnos orgullosos por conservar las costumbres, tradiciones y la gastronom\u00eda que nos caracteriza \u201cpara los tlaxcaltecas, sentirnos orgullosos, porque aqu\u00ed encontramos cosas que, lo que en el poniente hacen, en el oriente no sabemos, o en el norte y en el sur de Tlaxcala, aqu\u00ed hay pepenado, hay artesan\u00eda, hay gastronom\u00eda y hay en si, mucho por conocer y aprender, de este pueblo milenario, de costumbres ancestrales, que la verdad nos enorgullecen\u201d.<\/p>\n\n\n\n<p><br>Finalmente, mencion\u00f3 que ha sido un trabajo en conjunto entre autoridades Federales, Estatales, Municipales y pobladores que se ha venido haciendo el acompa\u00f1amiento a estos trabajos \u201cla presencia de la se\u00f1ora Gobernadora dio realce a este evento, a la entrega de este nombramiento, y nosotros venimos en acompa\u00f1amiento, de manera pues, muy grata, vemos que la comunidad, el pueblo, est\u00e1 orgulloso de sus costumbres y tradiciones, y este es el sello que faltaba, este nombramiento que, de hoy en adelante, pues ya ser\u00e1 motivo de que los turistas de naciones extranjeras, puedan meter dentro de su itinerario de visitas a Tlaxcala, Puebla, pues esta ruta, que como bien se dijo hace unos momentos, hay gente que puede venir a Puebla, Huamantla a Ixtenco, a Tlaxco, irse a Chignahuapan, a Zacatl\u00e1n, son rutas muy interesantes, que ya se van consolidando y esto debe ser en beneficio de toda la econom\u00eda de todos los ixtenguenses\u201d.<\/p>\n\n\n<figure class=\"wp-block-post-featured-image\"><img loading=\"lazy\" decoding=\"async\" width=\"1920\" height=\"2560\" src=\"https:\/\/estado29.mx\/wp-content\/uploads\/2023\/07\/IMG_20230727_125002-min-scaled.jpg\" class=\"attachment-post-thumbnail size-post-thumbnail wp-post-image\" alt=\"\" style=\"object-fit:cover;\" srcset=\"https:\/\/estado29.mx\/wp-content\/uploads\/2023\/07\/IMG_20230727_125002-min-scaled.jpg 1920w, https:\/\/estado29.mx\/wp-content\/uploads\/2023\/07\/IMG_20230727_125002-min-225x300.jpg 225w, https:\/\/estado29.mx\/wp-content\/uploads\/2023\/07\/IMG_20230727_125002-min-768x1024.jpg 768w, https:\/\/estado29.mx\/wp-content\/uploads\/2023\/07\/IMG_20230727_125002-min-1152x1536.jpg 1152w, https:\/\/estado29.mx\/wp-content\/uploads\/2023\/07\/IMG_20230727_125002-min-1536x2048.jpg 1536w, https:\/\/estado29.mx\/wp-content\/uploads\/2023\/07\/IMG_20230727_125002-min-750x1000.jpg 750w, https:\/\/estado29.mx\/wp-content\/uploads\/2023\/07\/IMG_20230727_125002-min-1140x1520.jpg 1140w\" sizes=\"auto, (max-width: 1920px) 100vw, 1920px\" \/><\/figure>","protected":false},"excerpt":{"rendered":"<p>El Diputado Federal por Tlaxcala, Jos\u00e9 Alejandro Aguilar L\u00f3pez, reconoci\u00f3 el esfuerzo que realiz\u00f3 la comunidad de Ixtenco y del Presidente Municipal, Renato S\u00e1nchez Rojas, por obtener la denominaci\u00f3n de Pueblo M\u00e1gico. Dijo que gracias a la constancia y perseverancia de los habitantes del lugar y del Presidente, de defender a capa y espada, las [&hellip;]<\/p>\n","protected":false},"author":7,"featured_media":87400,"comment_status":"open","ping_status":"open","sticky":false,"template":"","format":"standard","meta":{"om_disable_all_campaigns":false,"_monsterinsights_skip_tracking":false,"_monsterinsights_sitenote_active":false,"_monsterinsights_sitenote_note":"","_monsterinsights_sitenote_category":0,"jnews-multi-image_gallery":[],"jnews_single_post":[],"jnews_primary_category":[],"footnotes":""},"categories":[1],"tags":[],"class_list":["post-87399","post","type-post","status-publish","format-standard","has-post-thumbnail","hentry","category-uncategorized"],"aioseo_notices":[],"_links":{"self":[{"href":"https:\/\/estado29.mx\/index.php?rest_route=\/wp\/v2\/posts\/87399","targetHints":{"allow":["GET"]}}],"collection":[{"href":"https:\/\/estado29.mx\/index.php?rest_route=\/wp\/v2\/posts"}],"about":[{"href":"https:\/\/estado29.mx\/index.php?rest_route=\/wp\/v2\/types\/post"}],"author":[{"embeddable":true,"href":"https:\/\/estado29.mx\/index.php?rest_route=\/wp\/v2\/users\/7"}],"replies":[{"embeddable":true,"href":"https:\/\/estado29.mx\/index.php?rest_route=%2Fwp%2Fv2%2Fcomments&post=87399"}],"version-history":[{"count":1,"href":"https:\/\/estado29.mx\/index.php?rest_route=\/wp\/v2\/posts\/87399\/revisions"}],"predecessor-version":[{"id":87401,"href":"https:\/\/estado29.mx\/index.php?rest_route=\/wp\/v2\/posts\/87399\/revisions\/87401"}],"wp:featuredmedia":[{"embeddable":true,"href":"https:\/\/estado29.mx\/index.php?rest_route=\/wp\/v2\/media\/87400"}],"wp:attachment":[{"href":"https:\/\/estado29.mx\/index.php?rest_route=%2Fwp%2Fv2%2Fmedia&parent=87399"}],"wp:term":[{"taxonomy":"category","embeddable":true,"href":"https:\/\/estado29.mx\/index.php?rest_route=%2Fwp%2Fv2%2Fcategories&post=87399"},{"taxonomy":"post_tag","embeddable":true,"href":"https:\/\/estado29.mx\/index.php?rest_route=%2Fwp%2Fv2%2Ftags&post=87399"}],"curies":[{"name":"wp","href":"https:\/\/api.w.org\/{rel}","templated":true}]}}