{"id":87406,"date":"2023-08-01T18:27:04","date_gmt":"2023-08-01T18:27:04","guid":{"rendered":"https:\/\/estado29.mx\/?p=87406"},"modified":"2023-08-01T18:27:05","modified_gmt":"2023-08-01T18:27:05","slug":"firma-convenio-ayuntamiento-de-huamantla-con-coeprist","status":"publish","type":"post","link":"https:\/\/estado29.mx\/?p=87406","title":{"rendered":"Firma convenio ayuntamiento de Huamantla con COEPRIST."},"content":{"rendered":"\n<p>El Presidente Municipal de Huamantla, Juan Salvador Santos Cedillo, resalt\u00f3 que como parte de las medidas de prevenci\u00f3n en la venta de alimentos, se realiz\u00f3 la firma de convenio de colaboraci\u00f3n con la Comisi\u00f3n Estatal para la Protecci\u00f3n contra Riesgos Sanitarios del Estado de Tlaxcala (COEPRIST).<\/p>\n\n\n\n<p><br>El alcalde mencion\u00f3, que en dicho convenio se acord\u00f3 que se van a estar revisando los negocios del Recinto Ferial y la cabecera municipal \u201cayer firm\u00e9 con la COEPRIST, un documento, o un convenio de colaboraci\u00f3n, en el que van a estar revisando todos los negocios del Recinto Ferial, todos los negocios que est\u00e1n en Huamantla, la COEPRIST va a estar trabajando de la mano con nosotros, ayer con la doctora M\u00f3nica, si no olvido su nombre, ella estuvo muy al pendiente, se firm\u00f3 el convenio ayer\u201d.<\/p>\n\n\n\n<p><br>Santos Cedillo dijo que se va a verificar que los alimentos que se ofrezcan al turismo, sean de calidad \u201cvan a andar en todo Huamantla, verificando que los alimentos, que todo lo que nosotros podamos ofrecer, sea de muy buena calidad pues para los visitantes\u201d.<\/p>\n\n\n\n<p><br>Asimismo, resalt\u00f3 que otras \u00e1reas del ayuntamiento se sumar\u00e1 a dichos recorridos de verificaci\u00f3n \u201ces parte de los preparativos, es toda una log\u00edstica la que se lleva para la Feria de Huamantla y entre ello, pues que tengamos de calidad, una muy buena alimentaci\u00f3n aparte de que Protecci\u00f3n Civil, la Secretar\u00eda de Seguridad Ciudadana y algunos otros hemos estado trabajando de la mano\u201d.<\/p>\n\n\n\n<p><br>Para finalizar, enfatiz\u00f3 que se han realizado reuniones, para organizar los eventos de mayor relevancia para los pr\u00f3ximos d\u00edas de feria \u201cha habido reuniones para el tema Huamantlada, la inauguraci\u00f3n, Carrera de Carcachas, la Noche que Nadie Duerme, y todos los eventos que tenemos es una feria muy grande y creo que Huamantla no hab\u00eda vivido una feria tan importante y con un elenco tan grande como el que vamos a tener, este a\u00f1o pero ya lo estamos haciendo con mucho orgullo\u201d.<\/p>\n\n\n<figure class=\"wp-block-post-featured-image\"><img loading=\"lazy\" decoding=\"async\" width=\"2560\" height=\"1920\" src=\"https:\/\/estado29.mx\/wp-content\/uploads\/2023\/06\/IMG_20230605_123224-min-scaled.jpg\" class=\"attachment-post-thumbnail size-post-thumbnail wp-post-image\" alt=\"\" style=\"object-fit:cover;\" srcset=\"https:\/\/estado29.mx\/wp-content\/uploads\/2023\/06\/IMG_20230605_123224-min-scaled.jpg 2560w, https:\/\/estado29.mx\/wp-content\/uploads\/2023\/06\/IMG_20230605_123224-min-300x225.jpg 300w, https:\/\/estado29.mx\/wp-content\/uploads\/2023\/06\/IMG_20230605_123224-min-1024x768.jpg 1024w, https:\/\/estado29.mx\/wp-content\/uploads\/2023\/06\/IMG_20230605_123224-min-768x576.jpg 768w, https:\/\/estado29.mx\/wp-content\/uploads\/2023\/06\/IMG_20230605_123224-min-1536x1152.jpg 1536w, https:\/\/estado29.mx\/wp-content\/uploads\/2023\/06\/IMG_20230605_123224-min-2048x1536.jpg 2048w, https:\/\/estado29.mx\/wp-content\/uploads\/2023\/06\/IMG_20230605_123224-min-750x563.jpg 750w, https:\/\/estado29.mx\/wp-content\/uploads\/2023\/06\/IMG_20230605_123224-min-1140x855.jpg 1140w\" sizes=\"auto, (max-width: 2560px) 100vw, 2560px\" \/><\/figure>","protected":false},"excerpt":{"rendered":"<p>El Presidente Municipal de Huamantla, Juan Salvador Santos Cedillo, resalt\u00f3 que como parte de las medidas de prevenci\u00f3n en la venta de alimentos, se realiz\u00f3 la firma de convenio de colaboraci\u00f3n con la Comisi\u00f3n Estatal para la Protecci\u00f3n contra Riesgos Sanitarios del Estado de Tlaxcala (COEPRIST). El alcalde mencion\u00f3, que en dicho convenio se acord\u00f3 [&hellip;]<\/p>\n","protected":false},"author":7,"featured_media":86662,"comment_status":"open","ping_status":"open","sticky":false,"template":"","format":"standard","meta":{"om_disable_all_campaigns":false,"_monsterinsights_skip_tracking":false,"_monsterinsights_sitenote_active":false,"_monsterinsights_sitenote_note":"","_monsterinsights_sitenote_category":0,"jnews-multi-image_gallery":[],"jnews_single_post":{"subtitle":"","format":"standard","video":"","gallery":"","source_name":"","source_url":"","via_name":"","via_url":"","override_template":"0","override":[{"template":"1","single_blog_custom":"","parallax":"1","fullscreen":"1","layout":"right-sidebar","sidebar":"default-sidebar","second_sidebar":"default-sidebar","sticky_sidebar":"1","share_position":"top","share_float_style":"share-monocrhome","show_share_counter":"1","show_view_counter":"1","show_featured":"1","show_post_meta":"1","show_post_author":"1","show_post_author_image":"1","show_post_date":"1","post_date_format":"default","post_date_format_custom":"Y\/m\/d","show_post_category":"1","show_post_reading_time":"0","post_reading_time_wpm":"300","show_zoom_button":"0","zoom_button_out_step":"2","zoom_button_in_step":"3","show_post_tag":"1","show_prev_next_post":"1","show_popup_post":"1","number_popup_post":"1","show_author_box":"1","show_post_related":"0","show_inline_post_related":"0"}],"override_image_size":"0","image_override":[{"single_post_thumbnail_size":"crop-500","single_post_gallery_size":"crop-500"}],"trending_post":"0","trending_post_position":"meta","trending_post_label":"Trending","sponsored_post":"0","sponsored_post_label":"Sponsored by","sponsored_post_name":"","sponsored_post_url":"","sponsored_post_logo_enable":"0","sponsored_post_logo":"","sponsored_post_desc":"","disable_ad":"0"},"jnews_primary_category":{"id":""},"footnotes":""},"categories":[1],"tags":[],"class_list":["post-87406","post","type-post","status-publish","format-standard","has-post-thumbnail","hentry","category-uncategorized"],"aioseo_notices":[],"_links":{"self":[{"href":"https:\/\/estado29.mx\/index.php?rest_route=\/wp\/v2\/posts\/87406","targetHints":{"allow":["GET"]}}],"collection":[{"href":"https:\/\/estado29.mx\/index.php?rest_route=\/wp\/v2\/posts"}],"about":[{"href":"https:\/\/estado29.mx\/index.php?rest_route=\/wp\/v2\/types\/post"}],"author":[{"embeddable":true,"href":"https:\/\/estado29.mx\/index.php?rest_route=\/wp\/v2\/users\/7"}],"replies":[{"embeddable":true,"href":"https:\/\/estado29.mx\/index.php?rest_route=%2Fwp%2Fv2%2Fcomments&post=87406"}],"version-history":[{"count":1,"href":"https:\/\/estado29.mx\/index.php?rest_route=\/wp\/v2\/posts\/87406\/revisions"}],"predecessor-version":[{"id":87407,"href":"https:\/\/estado29.mx\/index.php?rest_route=\/wp\/v2\/posts\/87406\/revisions\/87407"}],"wp:featuredmedia":[{"embeddable":true,"href":"https:\/\/estado29.mx\/index.php?rest_route=\/wp\/v2\/media\/86662"}],"wp:attachment":[{"href":"https:\/\/estado29.mx\/index.php?rest_route=%2Fwp%2Fv2%2Fmedia&parent=87406"}],"wp:term":[{"taxonomy":"category","embeddable":true,"href":"https:\/\/estado29.mx\/index.php?rest_route=%2Fwp%2Fv2%2Fcategories&post=87406"},{"taxonomy":"post_tag","embeddable":true,"href":"https:\/\/estado29.mx\/index.php?rest_route=%2Fwp%2Fv2%2Ftags&post=87406"}],"curies":[{"name":"wp","href":"https:\/\/api.w.org\/{rel}","templated":true}]}}