{"id":87410,"date":"2023-08-01T18:40:42","date_gmt":"2023-08-01T18:40:42","guid":{"rendered":"https:\/\/estado29.mx\/?p=87410"},"modified":"2023-08-01T18:40:43","modified_gmt":"2023-08-01T18:40:43","slug":"realizaran-la-primera-presentacion-de-la-ruta-el-espiritu-de-maiz","status":"publish","type":"post","link":"https:\/\/estado29.mx\/?p=87410","title":{"rendered":"Realizar\u00e1n la Primera Presentaci\u00f3n de la Ruta \u201cEl Esp\u00edritu de Ma\u00edz\u201d."},"content":{"rendered":"\n<p>La Secretaria de Turismo en Tlaxcala, Josefina Rodr\u00edguez Zamora, dijo que como parte del Programa Rutas M\u00e1gicas de Color y a su vez, de la estrategia para dar a conocer al Municipio de Ixtenco, se realizar\u00e1 la Primera Presentaci\u00f3n de la ruta, El Esp\u00edritu del Ma\u00edz.<\/p>\n\n\n\n<figure class=\"wp-block-image size-large\"><img loading=\"lazy\" decoding=\"async\" width=\"1024\" height=\"614\" src=\"http:\/\/estado29.mx\/wp-content\/uploads\/2023\/03\/IMG-20230328-WA0012-1024x614.jpg\" alt=\"\" class=\"wp-image-85306\" srcset=\"https:\/\/estado29.mx\/wp-content\/uploads\/2023\/03\/IMG-20230328-WA0012-1024x614.jpg 1024w, https:\/\/estado29.mx\/wp-content\/uploads\/2023\/03\/IMG-20230328-WA0012-300x180.jpg 300w, https:\/\/estado29.mx\/wp-content\/uploads\/2023\/03\/IMG-20230328-WA0012-768x461.jpg 768w, https:\/\/estado29.mx\/wp-content\/uploads\/2023\/03\/IMG-20230328-WA0012-750x450.jpg 750w, https:\/\/estado29.mx\/wp-content\/uploads\/2023\/03\/IMG-20230328-WA0012-1140x684.jpg 1140w, https:\/\/estado29.mx\/wp-content\/uploads\/2023\/03\/IMG-20230328-WA0012.jpg 1280w\" sizes=\"auto, (max-width: 1024px) 100vw, 1024px\" \/><\/figure>\n\n\n\n<p><br>Rodr\u00edguez Zamora, dijo que este ruta se creo a trav\u00e9s de la Coordinaci\u00f3n de la Secretar\u00eda de Cultura, con el objetivo de mostrar la gastronom\u00eda, bordado y convivencia con la Malinche \u201ccomo parte de la estrategia inmediata para dar a conocer a Ixtenco, en M\u00e9xico y en el mundo, haremos ya la primera presentaci\u00f3n de la ruta \u201cEl Esp\u00edritu del Ma\u00edz\u201d, que se cre\u00f3 a trav\u00e9s de la coordinaci\u00f3n de la Secretar\u00eda de Cultura y el municipio, en donde va a poder vivir la experiencia del bordado, del pepenado, la degustaci\u00f3n de nuestra cocina de humo, del mole de matuma, nuestro atole morado y el contacto con la naturaleza de la Malinche, as\u00ed como su parroquia, su museo comunitario y sus talleres de semillas\u201d.<\/p>\n\n\n\n<p><br>Agreg\u00f3 que ahora Ixtenco, forma parte de los municipios que participan en el Programa Rutas M\u00e1gicas de Color \u201cuna ruta verdaderamente cultural, que enaltece nuestra historia, nuestros or\u00edgenes, Ixtenco forma parte de los municipios que ahora participan en el Programa de Rutas M\u00e1gicas de Color\u201d.<\/p>\n\n\n\n<p><br>Asimismo, resalt\u00f3 que se realizan trabajos de rehabilitaci\u00f3n de fachadas, en los que se pintar\u00e1n murales que resalten las costumbres y tradiciones \u201cllevamos m\u00e1s de ocho mil metros cuadrados, con rehabilitaci\u00f3n de fachadas, se van a empezar a hacer murales en todas las calles, donde puedan plasmar, cada uno de ustedes, pues la riqueza tur\u00edstica y cultural que tenemos\u201d.<\/p>\n\n\n\n<p><br>Para finalizar, dijo que ya se abri\u00f3 una ruta, en la que el turismo pueda empezar a conocer a Ixtenco \u201ctambi\u00e9n les doy la noticia, abrimos, ya la ruta ADO M\u00e9xico-Huamantla, que tiene paso directo a Ixtenco, con turistas, para que empiecen a conocer toda esta belleza que palpita el coraz\u00f3n\u201d.<\/p>\n\n\n<figure class=\"wp-block-post-featured-image\"><img loading=\"lazy\" decoding=\"async\" width=\"2560\" height=\"1920\" src=\"https:\/\/estado29.mx\/wp-content\/uploads\/2023\/06\/IMG_20230517_113335-min-1-scaled.jpg\" class=\"attachment-post-thumbnail size-post-thumbnail wp-post-image\" alt=\"\" style=\"object-fit:cover;\" srcset=\"https:\/\/estado29.mx\/wp-content\/uploads\/2023\/06\/IMG_20230517_113335-min-1-scaled.jpg 2560w, https:\/\/estado29.mx\/wp-content\/uploads\/2023\/06\/IMG_20230517_113335-min-1-300x225.jpg 300w, https:\/\/estado29.mx\/wp-content\/uploads\/2023\/06\/IMG_20230517_113335-min-1-1024x768.jpg 1024w, https:\/\/estado29.mx\/wp-content\/uploads\/2023\/06\/IMG_20230517_113335-min-1-768x576.jpg 768w, https:\/\/estado29.mx\/wp-content\/uploads\/2023\/06\/IMG_20230517_113335-min-1-1536x1152.jpg 1536w, https:\/\/estado29.mx\/wp-content\/uploads\/2023\/06\/IMG_20230517_113335-min-1-2048x1536.jpg 2048w, https:\/\/estado29.mx\/wp-content\/uploads\/2023\/06\/IMG_20230517_113335-min-1-750x563.jpg 750w, https:\/\/estado29.mx\/wp-content\/uploads\/2023\/06\/IMG_20230517_113335-min-1-1140x855.jpg 1140w\" sizes=\"auto, (max-width: 2560px) 100vw, 2560px\" \/><\/figure>","protected":false},"excerpt":{"rendered":"<p>La Secretaria de Turismo en Tlaxcala, Josefina Rodr\u00edguez Zamora, dijo que como parte del Programa Rutas M\u00e1gicas de Color y a su vez, de la estrategia para dar a conocer al Municipio de Ixtenco, se realizar\u00e1 la Primera Presentaci\u00f3n de la ruta, El Esp\u00edritu del Ma\u00edz. Rodr\u00edguez Zamora, dijo que este ruta se creo a [&hellip;]<\/p>\n","protected":false},"author":7,"featured_media":86709,"comment_status":"open","ping_status":"open","sticky":false,"template":"","format":"standard","meta":{"om_disable_all_campaigns":false,"_monsterinsights_skip_tracking":false,"_monsterinsights_sitenote_active":false,"_monsterinsights_sitenote_note":"","_monsterinsights_sitenote_category":0,"jnews-multi-image_gallery":[],"jnews_single_post":[],"jnews_primary_category":[],"footnotes":""},"categories":[1],"tags":[],"class_list":["post-87410","post","type-post","status-publish","format-standard","has-post-thumbnail","hentry","category-uncategorized"],"aioseo_notices":[],"_links":{"self":[{"href":"https:\/\/estado29.mx\/index.php?rest_route=\/wp\/v2\/posts\/87410","targetHints":{"allow":["GET"]}}],"collection":[{"href":"https:\/\/estado29.mx\/index.php?rest_route=\/wp\/v2\/posts"}],"about":[{"href":"https:\/\/estado29.mx\/index.php?rest_route=\/wp\/v2\/types\/post"}],"author":[{"embeddable":true,"href":"https:\/\/estado29.mx\/index.php?rest_route=\/wp\/v2\/users\/7"}],"replies":[{"embeddable":true,"href":"https:\/\/estado29.mx\/index.php?rest_route=%2Fwp%2Fv2%2Fcomments&post=87410"}],"version-history":[{"count":1,"href":"https:\/\/estado29.mx\/index.php?rest_route=\/wp\/v2\/posts\/87410\/revisions"}],"predecessor-version":[{"id":87411,"href":"https:\/\/estado29.mx\/index.php?rest_route=\/wp\/v2\/posts\/87410\/revisions\/87411"}],"wp:featuredmedia":[{"embeddable":true,"href":"https:\/\/estado29.mx\/index.php?rest_route=\/wp\/v2\/media\/86709"}],"wp:attachment":[{"href":"https:\/\/estado29.mx\/index.php?rest_route=%2Fwp%2Fv2%2Fmedia&parent=87410"}],"wp:term":[{"taxonomy":"category","embeddable":true,"href":"https:\/\/estado29.mx\/index.php?rest_route=%2Fwp%2Fv2%2Fcategories&post=87410"},{"taxonomy":"post_tag","embeddable":true,"href":"https:\/\/estado29.mx\/index.php?rest_route=%2Fwp%2Fv2%2Ftags&post=87410"}],"curies":[{"name":"wp","href":"https:\/\/api.w.org\/{rel}","templated":true}]}}