{"id":87412,"date":"2023-08-01T18:43:35","date_gmt":"2023-08-01T18:43:35","guid":{"rendered":"https:\/\/estado29.mx\/?p=87412"},"modified":"2023-08-01T18:47:46","modified_gmt":"2023-08-01T18:47:46","slug":"implementaran-en-ixtenco-el-museo-del-maiz","status":"publish","type":"post","link":"https:\/\/estado29.mx\/?p=87412","title":{"rendered":"Implementar\u00e1n en Ixtenco el Museo del Ma\u00edz."},"content":{"rendered":"\n<p>Renato S\u00e1nchez Rojas, Presidente Municipal de Ixtenco, refiri\u00f3 que entre los proyectos que se tiene contemplados para el lugar, est\u00e1 la implementaci\u00f3n de un museo del ma\u00edz.<\/p>\n\n\n\n<p><br>El alcalde mencion\u00f3 que se estima que la inauguraci\u00f3n de este museo, se realicen en el Segundo Encuentro Nacional de la Lengua Otom\u00ed \u201cbueno, hay varios proyectos, tenemos, ahora m\u00e1s que nunca, la implementaci\u00f3n del museo de ma\u00edz, eso vamos a esperar que sea este mismo a\u00f1o, para que lo inauguremos en el Segundo Encuentro Nacional de la Lengua Otom\u00ed\u201d.<\/p>\n\n\n\n<p><br>S\u00e1nchez Rojas agreg\u00f3 que se tiene contempladas diversas tem\u00e1ticas, que van desde mostrar la historia de la agricultura, el cultivo de granos y su cuidado y un banco de ma\u00edz \u201chay varias tem\u00e1ticas, desde mostrar la historia de la agricultura tradicional, el cultivo de los granos, el cuidado de los granos, pero tambi\u00e9n un banco de ma\u00edz, donde la gente pueda venir y depositar alg\u00fan ma\u00edz que tenga no, y tengamos un repositorio bien interesante, para eso necesitamos cuestiones t\u00e9cnicas, una c\u00e1mara frigor\u00edfica, bueno, unas cuestiones importantes porque al final estamos hablando de un microambiente\u201d.<\/p>\n\n\n<figure class=\"wp-block-post-featured-image\"><img loading=\"lazy\" decoding=\"async\" width=\"2560\" height=\"1920\" src=\"https:\/\/estado29.mx\/wp-content\/uploads\/2023\/06\/IMG_20230517_112845-min-1-scaled.jpg\" class=\"attachment-post-thumbnail size-post-thumbnail wp-post-image\" alt=\"\" style=\"object-fit:cover;\" srcset=\"https:\/\/estado29.mx\/wp-content\/uploads\/2023\/06\/IMG_20230517_112845-min-1-scaled.jpg 2560w, https:\/\/estado29.mx\/wp-content\/uploads\/2023\/06\/IMG_20230517_112845-min-1-300x225.jpg 300w, https:\/\/estado29.mx\/wp-content\/uploads\/2023\/06\/IMG_20230517_112845-min-1-1024x768.jpg 1024w, https:\/\/estado29.mx\/wp-content\/uploads\/2023\/06\/IMG_20230517_112845-min-1-768x576.jpg 768w, https:\/\/estado29.mx\/wp-content\/uploads\/2023\/06\/IMG_20230517_112845-min-1-1536x1152.jpg 1536w, https:\/\/estado29.mx\/wp-content\/uploads\/2023\/06\/IMG_20230517_112845-min-1-2048x1536.jpg 2048w, https:\/\/estado29.mx\/wp-content\/uploads\/2023\/06\/IMG_20230517_112845-min-1-750x563.jpg 750w, https:\/\/estado29.mx\/wp-content\/uploads\/2023\/06\/IMG_20230517_112845-min-1-1140x855.jpg 1140w\" sizes=\"auto, (max-width: 2560px) 100vw, 2560px\" \/><\/figure>","protected":false},"excerpt":{"rendered":"<p>Renato S\u00e1nchez Rojas, Presidente Municipal de Ixtenco, refiri\u00f3 que entre los proyectos que se tiene contemplados para el lugar, est\u00e1 la implementaci\u00f3n de un museo del ma\u00edz. El alcalde mencion\u00f3 que se estima que la inauguraci\u00f3n de este museo, se realicen en el Segundo Encuentro Nacional de la Lengua Otom\u00ed \u201cbueno, hay varios proyectos, tenemos, [&hellip;]<\/p>\n","protected":false},"author":7,"featured_media":86734,"comment_status":"open","ping_status":"open","sticky":false,"template":"","format":"standard","meta":{"om_disable_all_campaigns":false,"_monsterinsights_skip_tracking":false,"_monsterinsights_sitenote_active":false,"_monsterinsights_sitenote_note":"","_monsterinsights_sitenote_category":0,"jnews-multi-image_gallery":[],"jnews_single_post":{"subtitle":"","format":"standard","video":"","gallery":"","source_name":"","source_url":"","via_name":"","via_url":"","override_template":"0","override":[{"template":"1","single_blog_custom":"","parallax":"1","fullscreen":"1","layout":"right-sidebar","sidebar":"default-sidebar","second_sidebar":"default-sidebar","sticky_sidebar":"1","share_position":"top","share_float_style":"share-monocrhome","show_share_counter":"1","show_view_counter":"1","show_featured":"1","show_post_meta":"1","show_post_author":"1","show_post_author_image":"1","show_post_date":"1","post_date_format":"default","post_date_format_custom":"Y\/m\/d","show_post_category":"1","show_post_reading_time":"0","post_reading_time_wpm":"300","show_zoom_button":"0","zoom_button_out_step":"2","zoom_button_in_step":"3","show_post_tag":"1","show_prev_next_post":"1","show_popup_post":"1","number_popup_post":"1","show_author_box":"1","show_post_related":"0","show_inline_post_related":"0"}],"override_image_size":"0","image_override":[{"single_post_thumbnail_size":"crop-500","single_post_gallery_size":"crop-500"}],"trending_post":"0","trending_post_position":"meta","trending_post_label":"Trending","sponsored_post":"0","sponsored_post_label":"Sponsored by","sponsored_post_name":"","sponsored_post_url":"","sponsored_post_logo_enable":"0","sponsored_post_logo":"","sponsored_post_desc":"","disable_ad":"0"},"jnews_primary_category":{"id":""},"footnotes":""},"categories":[1],"tags":[],"class_list":["post-87412","post","type-post","status-publish","format-standard","has-post-thumbnail","hentry","category-uncategorized"],"aioseo_notices":[],"_links":{"self":[{"href":"https:\/\/estado29.mx\/index.php?rest_route=\/wp\/v2\/posts\/87412","targetHints":{"allow":["GET"]}}],"collection":[{"href":"https:\/\/estado29.mx\/index.php?rest_route=\/wp\/v2\/posts"}],"about":[{"href":"https:\/\/estado29.mx\/index.php?rest_route=\/wp\/v2\/types\/post"}],"author":[{"embeddable":true,"href":"https:\/\/estado29.mx\/index.php?rest_route=\/wp\/v2\/users\/7"}],"replies":[{"embeddable":true,"href":"https:\/\/estado29.mx\/index.php?rest_route=%2Fwp%2Fv2%2Fcomments&post=87412"}],"version-history":[{"count":3,"href":"https:\/\/estado29.mx\/index.php?rest_route=\/wp\/v2\/posts\/87412\/revisions"}],"predecessor-version":[{"id":87416,"href":"https:\/\/estado29.mx\/index.php?rest_route=\/wp\/v2\/posts\/87412\/revisions\/87416"}],"wp:featuredmedia":[{"embeddable":true,"href":"https:\/\/estado29.mx\/index.php?rest_route=\/wp\/v2\/media\/86734"}],"wp:attachment":[{"href":"https:\/\/estado29.mx\/index.php?rest_route=%2Fwp%2Fv2%2Fmedia&parent=87412"}],"wp:term":[{"taxonomy":"category","embeddable":true,"href":"https:\/\/estado29.mx\/index.php?rest_route=%2Fwp%2Fv2%2Fcategories&post=87412"},{"taxonomy":"post_tag","embeddable":true,"href":"https:\/\/estado29.mx\/index.php?rest_route=%2Fwp%2Fv2%2Ftags&post=87412"}],"curies":[{"name":"wp","href":"https:\/\/api.w.org\/{rel}","templated":true}]}}