{"id":87420,"date":"2023-08-02T05:05:04","date_gmt":"2023-08-02T05:05:04","guid":{"rendered":"https:\/\/estado29.mx\/?p=87420"},"modified":"2023-08-02T05:09:23","modified_gmt":"2023-08-02T05:09:23","slug":"invita-presidente-de-huamantla-a-la-feria-del-arte-efimero-y-la-dalia-huamantla-2023","status":"publish","type":"post","link":"https:\/\/estado29.mx\/?p=87420","title":{"rendered":"Invita Presidente de Huamantla a la Feria del Arte Ef\u00edmero y la Dalia Huamantla 2023."},"content":{"rendered":"\n<p>El Presidente Municipal de Huamantla, Juan Salvador Santos Cedillo, hizo la invitaci\u00f3n a auditorio de Radio Huamantla, Estado29 y ciudadan\u00eda en general, a ser part\u00edcipes de la Feria Internacional del Arte Ef\u00edmero y la Dalia, Huamantla 2023.<\/p>\n\n\n\n<p><br>El edil invit\u00f3 a la ciudadan\u00eda, a estar atentos a las redes sociales oficiales del ayuntamiento y medios de comunicaci\u00f3n oficiales para la entrega de boletos de acceso a los diversos eventos \u201clos esperamos en la Feria Internacional de Arte Ef\u00edmero y la Dalia, Huamantla 2023, estamos muy contentos, ya vamos a empezar con el tema de boletaje, va a haber solamente dos d\u00edas para que puedan recibir los boletos de inauguraci\u00f3n, que es el d\u00eda 1 y 2 de agosto, en la coordinaci\u00f3n de turismo, que est\u00e9n atentos a nuestras redes sociales oficiales, que es Chava Santos, HuamantlaFeriaInternacional2023, y las de los medios de comunicaci\u00f3n oficiales, no nos dejemos enga\u00f1ar por cuestiones que nosotros no hemos determinado y que no son oficiales\u201d.<\/p>\n\n\n\n<p><br>Asimismo, el Santos Cedillo, hizo algunas medidas de recomendaci\u00f3n para el acceso a los eventos que se tiene preparados, entre ellos, a no ingresar alimentos ni bebidas et\u00edlicas, as\u00ed como ning\u00fan tipo de arma \u201csi les pedimos mucha paciencia, va a ser un boleto por persona, y tambi\u00e9n en los eventos que son gratuitos, va a ser un boleto por persona, vamos a verificar la entrada de las personas que ingresen, no pueden ingresar con alimentos ni bebidas, ni alg\u00fan tipo de arma, que pueda generar alg\u00fan da\u00f1o a la poblaci\u00f3n, est\u00e1 prohibido el uso de desechables y eso lo estamos generando dentro del Recinto Ferial y esperemos que la ciudadan\u00eda colabore\u201d.<\/p>\n\n\n\n<p><br>Finalmente invit\u00f3 a la ciudadan\u00eda, a colaborar para el cuidado de la imagen urbana \u201cle pido mucho mucho a la ciudadan\u00eda de Huamantla, que pongamos de nuestra parte, que cuidemos la imagen urbana, que no rayemos, que cuidemos el tema de la basura, que la basura ya no pasa por el centro de la ciudad en las noches, que esperemos a que pase el cami\u00f3n de la basura y que cualquier cosa, a trav\u00e9s de mi p\u00e1gina oficial de inbox, Chava Santos, de Gobierno Municipal, si tienen alguna duda, alg\u00fan comentario, con mucho gusto por ah\u00ed se los podemos resolver\u201d.<\/p>\n\n\n<figure class=\"wp-block-post-featured-image\"><img loading=\"lazy\" decoding=\"async\" width=\"2560\" height=\"1920\" src=\"https:\/\/estado29.mx\/wp-content\/uploads\/2023\/06\/IMG_20230623_131617-min-scaled.jpg\" class=\"attachment-post-thumbnail size-post-thumbnail wp-post-image\" alt=\"\" style=\"object-fit:cover;\" srcset=\"https:\/\/estado29.mx\/wp-content\/uploads\/2023\/06\/IMG_20230623_131617-min-scaled.jpg 2560w, https:\/\/estado29.mx\/wp-content\/uploads\/2023\/06\/IMG_20230623_131617-min-300x225.jpg 300w, https:\/\/estado29.mx\/wp-content\/uploads\/2023\/06\/IMG_20230623_131617-min-1024x768.jpg 1024w, https:\/\/estado29.mx\/wp-content\/uploads\/2023\/06\/IMG_20230623_131617-min-768x576.jpg 768w, https:\/\/estado29.mx\/wp-content\/uploads\/2023\/06\/IMG_20230623_131617-min-1536x1152.jpg 1536w, https:\/\/estado29.mx\/wp-content\/uploads\/2023\/06\/IMG_20230623_131617-min-2048x1536.jpg 2048w, https:\/\/estado29.mx\/wp-content\/uploads\/2023\/06\/IMG_20230623_131617-min-750x563.jpg 750w, https:\/\/estado29.mx\/wp-content\/uploads\/2023\/06\/IMG_20230623_131617-min-1140x855.jpg 1140w\" sizes=\"auto, (max-width: 2560px) 100vw, 2560px\" \/><\/figure>","protected":false},"excerpt":{"rendered":"<p>El Presidente Municipal de Huamantla, Juan Salvador Santos Cedillo, hizo la invitaci\u00f3n a auditorio de Radio Huamantla, Estado29 y ciudadan\u00eda en general, a ser part\u00edcipes de la Feria Internacional del Arte Ef\u00edmero y la Dalia, Huamantla 2023. El edil invit\u00f3 a la ciudadan\u00eda, a estar atentos a las redes sociales oficiales del ayuntamiento y medios [&hellip;]<\/p>\n","protected":false},"author":7,"featured_media":86992,"comment_status":"open","ping_status":"open","sticky":false,"template":"","format":"standard","meta":{"om_disable_all_campaigns":false,"_monsterinsights_skip_tracking":false,"_monsterinsights_sitenote_active":false,"_monsterinsights_sitenote_note":"","_monsterinsights_sitenote_category":0,"jnews-multi-image_gallery":[],"jnews_single_post":{"subtitle":"","format":"standard","video":"","gallery":"","source_name":"","source_url":"","via_name":"","via_url":"","override_template":"0","override":[{"template":"1","single_blog_custom":"","parallax":"1","fullscreen":"1","layout":"right-sidebar","sidebar":"default-sidebar","second_sidebar":"default-sidebar","sticky_sidebar":"1","share_position":"top","share_float_style":"share-monocrhome","show_share_counter":"1","show_view_counter":"1","show_featured":"1","show_post_meta":"1","show_post_author":"1","show_post_author_image":"1","show_post_date":"1","post_date_format":"default","post_date_format_custom":"Y\/m\/d","show_post_category":"1","show_post_reading_time":"0","post_reading_time_wpm":"300","show_zoom_button":"0","zoom_button_out_step":"2","zoom_button_in_step":"3","show_post_tag":"1","show_prev_next_post":"1","show_popup_post":"1","number_popup_post":"1","show_author_box":"1","show_post_related":"0","show_inline_post_related":"0"}],"override_image_size":"0","image_override":[{"single_post_thumbnail_size":"crop-500","single_post_gallery_size":"crop-500"}],"trending_post":"0","trending_post_position":"meta","trending_post_label":"Trending","sponsored_post":"0","sponsored_post_label":"Sponsored by","sponsored_post_name":"","sponsored_post_url":"","sponsored_post_logo_enable":"0","sponsored_post_logo":"","sponsored_post_desc":"","disable_ad":"0"},"jnews_primary_category":{"id":""},"footnotes":""},"categories":[1],"tags":[],"class_list":["post-87420","post","type-post","status-publish","format-standard","has-post-thumbnail","hentry","category-uncategorized"],"aioseo_notices":[],"_links":{"self":[{"href":"https:\/\/estado29.mx\/index.php?rest_route=\/wp\/v2\/posts\/87420","targetHints":{"allow":["GET"]}}],"collection":[{"href":"https:\/\/estado29.mx\/index.php?rest_route=\/wp\/v2\/posts"}],"about":[{"href":"https:\/\/estado29.mx\/index.php?rest_route=\/wp\/v2\/types\/post"}],"author":[{"embeddable":true,"href":"https:\/\/estado29.mx\/index.php?rest_route=\/wp\/v2\/users\/7"}],"replies":[{"embeddable":true,"href":"https:\/\/estado29.mx\/index.php?rest_route=%2Fwp%2Fv2%2Fcomments&post=87420"}],"version-history":[{"count":2,"href":"https:\/\/estado29.mx\/index.php?rest_route=\/wp\/v2\/posts\/87420\/revisions"}],"predecessor-version":[{"id":87423,"href":"https:\/\/estado29.mx\/index.php?rest_route=\/wp\/v2\/posts\/87420\/revisions\/87423"}],"wp:featuredmedia":[{"embeddable":true,"href":"https:\/\/estado29.mx\/index.php?rest_route=\/wp\/v2\/media\/86992"}],"wp:attachment":[{"href":"https:\/\/estado29.mx\/index.php?rest_route=%2Fwp%2Fv2%2Fmedia&parent=87420"}],"wp:term":[{"taxonomy":"category","embeddable":true,"href":"https:\/\/estado29.mx\/index.php?rest_route=%2Fwp%2Fv2%2Fcategories&post=87420"},{"taxonomy":"post_tag","embeddable":true,"href":"https:\/\/estado29.mx\/index.php?rest_route=%2Fwp%2Fv2%2Ftags&post=87420"}],"curies":[{"name":"wp","href":"https:\/\/api.w.org\/{rel}","templated":true}]}}