{"id":87430,"date":"2023-08-03T13:39:45","date_gmt":"2023-08-03T13:39:45","guid":{"rendered":"https:\/\/estado29.mx\/?p=87430"},"modified":"2023-08-03T13:39:46","modified_gmt":"2023-08-03T13:39:46","slug":"aprehende-pgje-a-daniel-n-por-homicidio-calificado","status":"publish","type":"post","link":"https:\/\/estado29.mx\/?p=87430","title":{"rendered":"Aprehende PGJE a Daniel N por homicidio calificado."},"content":{"rendered":"\n<p>\u2022 Fue part\u00edcipe en la muerte de Jos\u00e9 Luis N., quien falleci\u00f3 calcinado el pasado 27 de julio en la comunidad de San Hip\u00f3lito Chimalpa<\/p>\n\n\n\n<p>La Procuradur\u00eda General de Justicia del Estado (PGJE) a trav\u00e9s de agentes de la Polic\u00eda de Investigaci\u00f3n aprehendi\u00f3 a Daniel N., por el delito de homicidio calificado.<\/p>\n\n\n\n<p>El ahora imputado fue part\u00edcipe en la muerte de Jos\u00e9 Luis N, quien falleci\u00f3 calcinado el pasado 27 de julio al interior de un domicilio ubicado en la comunidad de San Hip\u00f3lito Chimalpa, del municipio de Tlaxcala.<\/p>\n\n\n\n<p>Derivado de la orden de aprehensi\u00f3n emitida por un Juez, elementos de Investigaci\u00f3n ejecutaron labores de inteligencia y el indiciado fue ubicado en Tlaxcala capital, donde se identificaron plenamente y le hicieron saber los derechos que le asisten como persona detenida.<\/p>\n\n\n\n<p>Cabe se\u00f1alar que, el pasado domingo 30 de julio, Polic\u00eda de Investigaci\u00f3n de la PGJE aprehendi\u00f3 a cuatro probables responsables de la muerte de Jos\u00e9 Luis N.<\/p>\n\n\n\n<p>La Procuradur\u00eda General de Justicia del Estado refrenda su compromiso de llevar ante las instancias judiciales a qui\u00e9n o qui\u00e9nes cometan delitos de alto impacto.<\/p>\n","protected":false},"excerpt":{"rendered":"<p>\u2022 Fue part\u00edcipe en la muerte de Jos\u00e9 Luis N., quien falleci\u00f3 calcinado el pasado 27 de julio en la comunidad de San Hip\u00f3lito Chimalpa La Procuradur\u00eda General de Justicia del Estado (PGJE) a trav\u00e9s de agentes de la Polic\u00eda de Investigaci\u00f3n aprehendi\u00f3 a Daniel N., por el delito de homicidio calificado. El ahora imputado [&hellip;]<\/p>\n","protected":false},"author":4,"featured_media":87431,"comment_status":"open","ping_status":"open","sticky":false,"template":"","format":"standard","meta":{"om_disable_all_campaigns":false,"_monsterinsights_skip_tracking":false,"_monsterinsights_sitenote_active":false,"_monsterinsights_sitenote_note":"","_monsterinsights_sitenote_category":0,"jnews-multi-image_gallery":[],"jnews_single_post":{"subtitle":"","format":"standard","video":"","gallery":"","source_name":"","source_url":"","via_name":"","via_url":"","override_template":"0","override":[{"template":"1","single_blog_custom":"","parallax":"1","fullscreen":"1","layout":"right-sidebar","sidebar":"default-sidebar","second_sidebar":"default-sidebar","sticky_sidebar":"1","share_position":"top","share_float_style":"share-monocrhome","show_share_counter":"1","show_view_counter":"1","show_featured":"1","show_post_meta":"1","show_post_author":"1","show_post_author_image":"1","show_post_date":"1","post_date_format":"default","post_date_format_custom":"Y\/m\/d","show_post_category":"1","show_post_reading_time":"0","post_reading_time_wpm":"300","show_zoom_button":"0","zoom_button_out_step":"2","zoom_button_in_step":"3","show_post_tag":"1","show_prev_next_post":"1","show_popup_post":"1","number_popup_post":"1","show_author_box":"1","show_post_related":"0","show_inline_post_related":"0"}],"override_image_size":"0","image_override":[{"single_post_thumbnail_size":"crop-500","single_post_gallery_size":"crop-500"}],"trending_post":"0","trending_post_position":"meta","trending_post_label":"Trending","sponsored_post":"0","sponsored_post_label":"Sponsored by","sponsored_post_name":"","sponsored_post_url":"","sponsored_post_logo_enable":"0","sponsored_post_logo":"","sponsored_post_desc":"","disable_ad":"0"},"jnews_primary_category":{"id":""},"footnotes":""},"categories":[43,52,47],"tags":[150,110,91,119,96],"class_list":["post-87430","post","type-post","status-publish","format-standard","has-post-thumbnail","hentry","category-estado","category-gobierno-de-tlaxcala","category-municipios","tag-gobierno-del-estado","tag-municipios","tag-pgje","tag-seguridad","tag-tlaxcala"],"aioseo_notices":[],"_links":{"self":[{"href":"https:\/\/estado29.mx\/index.php?rest_route=\/wp\/v2\/posts\/87430","targetHints":{"allow":["GET"]}}],"collection":[{"href":"https:\/\/estado29.mx\/index.php?rest_route=\/wp\/v2\/posts"}],"about":[{"href":"https:\/\/estado29.mx\/index.php?rest_route=\/wp\/v2\/types\/post"}],"author":[{"embeddable":true,"href":"https:\/\/estado29.mx\/index.php?rest_route=\/wp\/v2\/users\/4"}],"replies":[{"embeddable":true,"href":"https:\/\/estado29.mx\/index.php?rest_route=%2Fwp%2Fv2%2Fcomments&post=87430"}],"version-history":[{"count":1,"href":"https:\/\/estado29.mx\/index.php?rest_route=\/wp\/v2\/posts\/87430\/revisions"}],"predecessor-version":[{"id":87432,"href":"https:\/\/estado29.mx\/index.php?rest_route=\/wp\/v2\/posts\/87430\/revisions\/87432"}],"wp:featuredmedia":[{"embeddable":true,"href":"https:\/\/estado29.mx\/index.php?rest_route=\/wp\/v2\/media\/87431"}],"wp:attachment":[{"href":"https:\/\/estado29.mx\/index.php?rest_route=%2Fwp%2Fv2%2Fmedia&parent=87430"}],"wp:term":[{"taxonomy":"category","embeddable":true,"href":"https:\/\/estado29.mx\/index.php?rest_route=%2Fwp%2Fv2%2Fcategories&post=87430"},{"taxonomy":"post_tag","embeddable":true,"href":"https:\/\/estado29.mx\/index.php?rest_route=%2Fwp%2Fv2%2Ftags&post=87430"}],"curies":[{"name":"wp","href":"https:\/\/api.w.org\/{rel}","templated":true}]}}