{"id":87436,"date":"2023-08-03T13:48:30","date_gmt":"2023-08-03T13:48:30","guid":{"rendered":"https:\/\/estado29.mx\/?p=87436"},"modified":"2023-08-03T13:48:31","modified_gmt":"2023-08-03T13:48:31","slug":"impartio-cepc-cursos-de-capacitacion-a-elementos-de-la-ssc","status":"publish","type":"post","link":"https:\/\/estado29.mx\/?p=87436","title":{"rendered":"Imparti\u00f3 CEPC cursos de capacitaci\u00f3n a elementos de la SSC"},"content":{"rendered":"\n<p>*Se capacit\u00f3 en te\u00f3rica y pr\u00e1ctica a 100 elementos de la Polic\u00eda Estatal<\/p>\n\n\n\n<p>La Coordinaci\u00f3n Estatal de Protecci\u00f3n Civil (CEPC) realiz\u00f3 dos cursos de capacitaci\u00f3n sobre el uso y manejo de extintores, as\u00ed como de evacuaci\u00f3n, b\u00fasqueda y rescate, donde participaron 100 elementos de la Secretar\u00eda de Seguridad Ciudadana (SSC) del estado, quienes recibieron instrucci\u00f3n te\u00f3rica y pr\u00e1ctica.<\/p>\n\n\n\n<p>Los <a><\/a>elementos policiales fueron instruidos en el correcto uso y manejo de extintores, as\u00ed como en el control de incendios y rutas de evacuaci\u00f3n en casos de emergencia como incendios o sismos, donde personal de la CEPC capacit\u00f3 a los elementos en la b\u00fasqueda y rescate de personas.<\/p>\n\n\n\n<p>El titular de la CEPC, Juvencio Nieto Galicia destac\u00f3 la importancia de la capacitaci\u00f3n de los cuerpos policiales del estado y reiter\u00f3 el compromiso de trabajar de manera conjunta con diversas dependencias, incluyendo a la SSC, para garantizar la seguridad y bienestar de la poblaci\u00f3n.<\/p>\n\n\n\n<p>Mediante estas acciones, la CEPC manifiesta su compromiso y disposici\u00f3n de trabajar en la prevenci\u00f3n de accidentes, primeros auxilios y manejo de emergencias, considerando que es la instituci\u00f3n encargada de promover y coordinar medidas de prevenci\u00f3n, atenci\u00f3n y recuperaci\u00f3n en situaciones de emergencia en el estado.<\/p>\n\n\n\n<p>El objetivo principal es salvaguardar la vida y el patrimonio de los tlaxcaltecas, as\u00ed como fomentar una cultura de prevenci\u00f3n en la sociedad.<\/p>\n","protected":false},"excerpt":{"rendered":"<p>*Se capacit\u00f3 en te\u00f3rica y pr\u00e1ctica a 100 elementos de la Polic\u00eda Estatal La Coordinaci\u00f3n Estatal de Protecci\u00f3n Civil (CEPC) realiz\u00f3 dos cursos de capacitaci\u00f3n sobre el uso y manejo de extintores, as\u00ed como de evacuaci\u00f3n, b\u00fasqueda y rescate, donde participaron 100 elementos de la Secretar\u00eda de Seguridad Ciudadana (SSC) del estado, quienes recibieron instrucci\u00f3n [&hellip;]<\/p>\n","protected":false},"author":4,"featured_media":87437,"comment_status":"open","ping_status":"open","sticky":false,"template":"","format":"standard","meta":{"om_disable_all_campaigns":false,"_monsterinsights_skip_tracking":false,"_monsterinsights_sitenote_active":false,"_monsterinsights_sitenote_note":"","_monsterinsights_sitenote_category":0,"jnews-multi-image_gallery":[],"jnews_single_post":{"subtitle":"","format":"standard","video":"","gallery":"","source_name":"","source_url":"","via_name":"","via_url":"","override_template":"0","override":[{"template":"1","single_blog_custom":"","parallax":"1","fullscreen":"1","layout":"right-sidebar","sidebar":"default-sidebar","second_sidebar":"default-sidebar","sticky_sidebar":"1","share_position":"top","share_float_style":"share-monocrhome","show_share_counter":"1","show_view_counter":"1","show_featured":"1","show_post_meta":"1","show_post_author":"1","show_post_author_image":"1","show_post_date":"1","post_date_format":"default","post_date_format_custom":"Y\/m\/d","show_post_category":"1","show_post_reading_time":"0","post_reading_time_wpm":"300","show_zoom_button":"0","zoom_button_out_step":"2","zoom_button_in_step":"3","show_post_tag":"1","show_prev_next_post":"1","show_popup_post":"1","number_popup_post":"1","show_author_box":"1","show_post_related":"0","show_inline_post_related":"0"}],"override_image_size":"0","image_override":[{"single_post_thumbnail_size":"crop-500","single_post_gallery_size":"crop-500"}],"trending_post":"0","trending_post_position":"meta","trending_post_label":"Trending","sponsored_post":"0","sponsored_post_label":"Sponsored by","sponsored_post_name":"","sponsored_post_url":"","sponsored_post_logo_enable":"0","sponsored_post_logo":"","sponsored_post_desc":"","disable_ad":"0"},"jnews_primary_category":{"id":""},"footnotes":""},"categories":[80,43,52,47],"tags":[150,110,119,118,96],"class_list":["post-87436","post","type-post","status-publish","format-standard","has-post-thumbnail","hentry","category-educacion","category-estado","category-gobierno-de-tlaxcala","category-municipios","tag-gobierno-del-estado","tag-municipios","tag-seguridad","tag-ssc","tag-tlaxcala"],"aioseo_notices":[],"_links":{"self":[{"href":"https:\/\/estado29.mx\/index.php?rest_route=\/wp\/v2\/posts\/87436","targetHints":{"allow":["GET"]}}],"collection":[{"href":"https:\/\/estado29.mx\/index.php?rest_route=\/wp\/v2\/posts"}],"about":[{"href":"https:\/\/estado29.mx\/index.php?rest_route=\/wp\/v2\/types\/post"}],"author":[{"embeddable":true,"href":"https:\/\/estado29.mx\/index.php?rest_route=\/wp\/v2\/users\/4"}],"replies":[{"embeddable":true,"href":"https:\/\/estado29.mx\/index.php?rest_route=%2Fwp%2Fv2%2Fcomments&post=87436"}],"version-history":[{"count":1,"href":"https:\/\/estado29.mx\/index.php?rest_route=\/wp\/v2\/posts\/87436\/revisions"}],"predecessor-version":[{"id":87438,"href":"https:\/\/estado29.mx\/index.php?rest_route=\/wp\/v2\/posts\/87436\/revisions\/87438"}],"wp:featuredmedia":[{"embeddable":true,"href":"https:\/\/estado29.mx\/index.php?rest_route=\/wp\/v2\/media\/87437"}],"wp:attachment":[{"href":"https:\/\/estado29.mx\/index.php?rest_route=%2Fwp%2Fv2%2Fmedia&parent=87436"}],"wp:term":[{"taxonomy":"category","embeddable":true,"href":"https:\/\/estado29.mx\/index.php?rest_route=%2Fwp%2Fv2%2Fcategories&post=87436"},{"taxonomy":"post_tag","embeddable":true,"href":"https:\/\/estado29.mx\/index.php?rest_route=%2Fwp%2Fv2%2Ftags&post=87436"}],"curies":[{"name":"wp","href":"https:\/\/api.w.org\/{rel}","templated":true}]}}