{"id":87445,"date":"2023-08-03T13:58:16","date_gmt":"2023-08-03T13:58:16","guid":{"rendered":"https:\/\/estado29.mx\/?p=87445"},"modified":"2023-08-03T13:58:18","modified_gmt":"2023-08-03T13:58:18","slug":"pgje-abre-carpeta-de-investigacion-por-homicidio-culposo","status":"publish","type":"post","link":"https:\/\/estado29.mx\/?p=87445","title":{"rendered":"PGJE abre carpeta de investigaci\u00f3n por homicidio culposo."},"content":{"rendered":"\n<p>\u00b7 Un hombre fue localizado sin vida sobre la carretera federal M\u00e9xico-Veracruz<\/p>\n\n\n\n<p>La Procuradur\u00eda General de Justicia del Estado (PGJE) a trav\u00e9s del agente del Ministerio P\u00fablico inici\u00f3 una carpeta de investigaci\u00f3n por el delito de homicidio culposo en contra de quien o quienes resulten responsables por el atropellamiento de un hombre quien fue localizado sobre la carretera M\u00e9xico-Veracruz a altura del municipio de Calpulalpan, el d\u00eda dos de agosto.<\/p>\n\n\n\n<p>Fue a trav\u00e9s del N\u00famero de Emergencias 911 que reportaron la presencia de un cuerpo sin vida sobre la cinta asf\u00e1ltica del sexo masculino, identificado por sus familiares, quien conduc\u00eda una bicicleta y que aparentemente sufri\u00f3 un impacto vehicular.<\/p>\n\n\n\n<p>Por ello, el Servicio M\u00e9dico Forense (SEMEFO), as\u00ed como peritos y polic\u00eda de investigaci\u00f3n acudieron al lugar referido para ejecutar el levantamiento del masculino y realizar las primeras indagatorias que conlleven al esclarecimiento de este hecho.<\/p>\n\n\n\n<p>La Procuradur\u00eda General de Justicia del Estado (PGJE) realizar\u00e1 las pesquisas correspondientes para fincar responsabilidades.<\/p>\n","protected":false},"excerpt":{"rendered":"<p>\u00b7 Un hombre fue localizado sin vida sobre la carretera federal M\u00e9xico-Veracruz La Procuradur\u00eda General de Justicia del Estado (PGJE) a trav\u00e9s del agente del Ministerio P\u00fablico inici\u00f3 una carpeta de investigaci\u00f3n por el delito de homicidio culposo en contra de quien o quienes resulten responsables por el atropellamiento de un hombre quien fue localizado [&hellip;]<\/p>\n","protected":false},"author":4,"featured_media":87446,"comment_status":"open","ping_status":"open","sticky":false,"template":"","format":"standard","meta":{"om_disable_all_campaigns":false,"_monsterinsights_skip_tracking":false,"_monsterinsights_sitenote_active":false,"_monsterinsights_sitenote_note":"","_monsterinsights_sitenote_category":0,"jnews-multi-image_gallery":[],"jnews_single_post":{"subtitle":"","format":"standard","video":"","gallery":"","source_name":"","source_url":"","via_name":"","via_url":"","override_template":"0","override":[{"template":"1","single_blog_custom":"","parallax":"1","fullscreen":"1","layout":"right-sidebar","sidebar":"default-sidebar","second_sidebar":"default-sidebar","sticky_sidebar":"1","share_position":"top","share_float_style":"share-monocrhome","show_share_counter":"1","show_view_counter":"1","show_featured":"1","show_post_meta":"1","show_post_author":"1","show_post_author_image":"1","show_post_date":"1","post_date_format":"default","post_date_format_custom":"Y\/m\/d","show_post_category":"1","show_post_reading_time":"0","post_reading_time_wpm":"300","show_zoom_button":"0","zoom_button_out_step":"2","zoom_button_in_step":"3","show_post_tag":"1","show_prev_next_post":"1","show_popup_post":"1","number_popup_post":"1","show_author_box":"1","show_post_related":"0","show_inline_post_related":"0"}],"override_image_size":"0","image_override":[{"single_post_thumbnail_size":"crop-500","single_post_gallery_size":"crop-500"}],"trending_post":"0","trending_post_position":"meta","trending_post_label":"Trending","sponsored_post":"0","sponsored_post_label":"Sponsored by","sponsored_post_name":"","sponsored_post_url":"","sponsored_post_logo_enable":"0","sponsored_post_logo":"","sponsored_post_desc":"","disable_ad":"0"},"jnews_primary_category":{"id":""},"footnotes":""},"categories":[43,52,47],"tags":[150,110,91,119,96],"class_list":["post-87445","post","type-post","status-publish","format-standard","has-post-thumbnail","hentry","category-estado","category-gobierno-de-tlaxcala","category-municipios","tag-gobierno-del-estado","tag-municipios","tag-pgje","tag-seguridad","tag-tlaxcala"],"aioseo_notices":[],"_links":{"self":[{"href":"https:\/\/estado29.mx\/index.php?rest_route=\/wp\/v2\/posts\/87445","targetHints":{"allow":["GET"]}}],"collection":[{"href":"https:\/\/estado29.mx\/index.php?rest_route=\/wp\/v2\/posts"}],"about":[{"href":"https:\/\/estado29.mx\/index.php?rest_route=\/wp\/v2\/types\/post"}],"author":[{"embeddable":true,"href":"https:\/\/estado29.mx\/index.php?rest_route=\/wp\/v2\/users\/4"}],"replies":[{"embeddable":true,"href":"https:\/\/estado29.mx\/index.php?rest_route=%2Fwp%2Fv2%2Fcomments&post=87445"}],"version-history":[{"count":1,"href":"https:\/\/estado29.mx\/index.php?rest_route=\/wp\/v2\/posts\/87445\/revisions"}],"predecessor-version":[{"id":87447,"href":"https:\/\/estado29.mx\/index.php?rest_route=\/wp\/v2\/posts\/87445\/revisions\/87447"}],"wp:featuredmedia":[{"embeddable":true,"href":"https:\/\/estado29.mx\/index.php?rest_route=\/wp\/v2\/media\/87446"}],"wp:attachment":[{"href":"https:\/\/estado29.mx\/index.php?rest_route=%2Fwp%2Fv2%2Fmedia&parent=87445"}],"wp:term":[{"taxonomy":"category","embeddable":true,"href":"https:\/\/estado29.mx\/index.php?rest_route=%2Fwp%2Fv2%2Fcategories&post=87445"},{"taxonomy":"post_tag","embeddable":true,"href":"https:\/\/estado29.mx\/index.php?rest_route=%2Fwp%2Fv2%2Ftags&post=87445"}],"curies":[{"name":"wp","href":"https:\/\/api.w.org\/{rel}","templated":true}]}}