{"id":87449,"date":"2023-08-03T18:30:26","date_gmt":"2023-08-03T18:30:26","guid":{"rendered":"https:\/\/estado29.mx\/?p=87449"},"modified":"2023-08-03T18:30:28","modified_gmt":"2023-08-03T18:30:28","slug":"realizan-trabajos-de-rehabilitacion-en-parque-de-tequexquitla","status":"publish","type":"post","link":"https:\/\/estado29.mx\/?p=87449","title":{"rendered":"Realizan trabajos de rehabilitaci\u00f3n en Parque de Tequexquitla."},"content":{"rendered":"\n<p>Este mi\u00e9rcoles dos de agosto del a\u00f1o en curso, se iniciaron los trabajos de rehabilitaci\u00f3n, en el parque de la cabecera del municipio de El Carmen Tequexquitla.<\/p>\n\n\n\n<p><br>La Alcaldesa Municipal, Mar\u00eda Araceli Mart\u00ednez Cortez, refiri\u00f3 que dichas acciones, son con el objetivo de embellecer y retocar el parque que se ubica en el centro del municipio, despu\u00e9s de que \u00e9ste, fuera la sede de los juegos mec\u00e1nicos, como parte de la ExpoFeria 2023.<\/p>\n\n\n\n<figure class=\"wp-block-image size-full\"><img loading=\"lazy\" decoding=\"async\" width=\"720\" height=\"291\" src=\"https:\/\/estado29.mx\/wp-content\/uploads\/2023\/08\/FB_IMG_16910032643003.jpg\" alt=\"\" class=\"wp-image-87451\" srcset=\"https:\/\/estado29.mx\/wp-content\/uploads\/2023\/08\/FB_IMG_16910032643003.jpg 720w, https:\/\/estado29.mx\/wp-content\/uploads\/2023\/08\/FB_IMG_16910032643003-300x121.jpg 300w\" sizes=\"auto, (max-width: 720px) 100vw, 720px\" \/><\/figure>\n\n\n\n<p><br>Cabe resaltar que en esta ocasi\u00f3n, los trabajos que se tiene contemplado realizar son, pintura de guarniciones, colocaci\u00f3n de \u00e1rboles, reparaci\u00f3n de luminarias y ajuste de barandales.<\/p>\n\n\n\n<p><br>Por otra parte Mart\u00ednez Cortez invit\u00f3 a los pobladores a cuidar de los espacios p\u00fablicos que se tienen en el lugar, pues son \u00fatiles para todos y todas.<\/p>\n\n\n\n<p><br>Finalmente, en su mensaje, asever\u00f3 que seguir\u00e1 trabajando en beneficio de los pobladores, a fin de bridar condiciones y espacios de calidad.<\/p>\n\n\n<figure class=\"wp-block-post-featured-image\"><img loading=\"lazy\" decoding=\"async\" width=\"720\" height=\"308\" src=\"https:\/\/estado29.mx\/wp-content\/uploads\/2023\/08\/FB_IMG_16910032504402.jpg\" class=\"attachment-post-thumbnail size-post-thumbnail wp-post-image\" alt=\"\" style=\"object-fit:cover;\" srcset=\"https:\/\/estado29.mx\/wp-content\/uploads\/2023\/08\/FB_IMG_16910032504402.jpg 720w, https:\/\/estado29.mx\/wp-content\/uploads\/2023\/08\/FB_IMG_16910032504402-300x128.jpg 300w\" sizes=\"auto, (max-width: 720px) 100vw, 720px\" \/><\/figure>","protected":false},"excerpt":{"rendered":"<p>Este mi\u00e9rcoles dos de agosto del a\u00f1o en curso, se iniciaron los trabajos de rehabilitaci\u00f3n, en el parque de la cabecera del municipio de El Carmen Tequexquitla. La Alcaldesa Municipal, Mar\u00eda Araceli Mart\u00ednez Cortez, refiri\u00f3 que dichas acciones, son con el objetivo de embellecer y retocar el parque que se ubica en el centro del [&hellip;]<\/p>\n","protected":false},"author":7,"featured_media":87450,"comment_status":"open","ping_status":"open","sticky":false,"template":"","format":"standard","meta":{"om_disable_all_campaigns":false,"_monsterinsights_skip_tracking":false,"_monsterinsights_sitenote_active":false,"_monsterinsights_sitenote_note":"","_monsterinsights_sitenote_category":0,"jnews-multi-image_gallery":[],"jnews_single_post":{"subtitle":"","format":"standard","video":"","gallery":"","source_name":"","source_url":"","via_name":"","via_url":"","override_template":"0","override":[{"template":"1","single_blog_custom":"","parallax":"1","fullscreen":"1","layout":"right-sidebar","sidebar":"default-sidebar","second_sidebar":"default-sidebar","sticky_sidebar":"1","share_position":"top","share_float_style":"share-monocrhome","show_share_counter":"1","show_view_counter":"1","show_featured":"1","show_post_meta":"1","show_post_author":"1","show_post_author_image":"1","show_post_date":"1","post_date_format":"default","post_date_format_custom":"Y\/m\/d","show_post_category":"1","show_post_reading_time":"0","post_reading_time_wpm":"300","show_zoom_button":"0","zoom_button_out_step":"2","zoom_button_in_step":"3","show_post_tag":"1","show_prev_next_post":"1","show_popup_post":"1","number_popup_post":"1","show_author_box":"1","show_post_related":"0","show_inline_post_related":"0"}],"override_image_size":"0","image_override":[{"single_post_thumbnail_size":"crop-500","single_post_gallery_size":"crop-500"}],"trending_post":"0","trending_post_position":"meta","trending_post_label":"Trending","sponsored_post":"0","sponsored_post_label":"Sponsored by","sponsored_post_name":"","sponsored_post_url":"","sponsored_post_logo_enable":"0","sponsored_post_logo":"","sponsored_post_desc":"","disable_ad":"0"},"jnews_primary_category":{"id":""},"footnotes":""},"categories":[1],"tags":[],"class_list":["post-87449","post","type-post","status-publish","format-standard","has-post-thumbnail","hentry","category-uncategorized"],"aioseo_notices":[],"_links":{"self":[{"href":"https:\/\/estado29.mx\/index.php?rest_route=\/wp\/v2\/posts\/87449","targetHints":{"allow":["GET"]}}],"collection":[{"href":"https:\/\/estado29.mx\/index.php?rest_route=\/wp\/v2\/posts"}],"about":[{"href":"https:\/\/estado29.mx\/index.php?rest_route=\/wp\/v2\/types\/post"}],"author":[{"embeddable":true,"href":"https:\/\/estado29.mx\/index.php?rest_route=\/wp\/v2\/users\/7"}],"replies":[{"embeddable":true,"href":"https:\/\/estado29.mx\/index.php?rest_route=%2Fwp%2Fv2%2Fcomments&post=87449"}],"version-history":[{"count":1,"href":"https:\/\/estado29.mx\/index.php?rest_route=\/wp\/v2\/posts\/87449\/revisions"}],"predecessor-version":[{"id":87452,"href":"https:\/\/estado29.mx\/index.php?rest_route=\/wp\/v2\/posts\/87449\/revisions\/87452"}],"wp:featuredmedia":[{"embeddable":true,"href":"https:\/\/estado29.mx\/index.php?rest_route=\/wp\/v2\/media\/87450"}],"wp:attachment":[{"href":"https:\/\/estado29.mx\/index.php?rest_route=%2Fwp%2Fv2%2Fmedia&parent=87449"}],"wp:term":[{"taxonomy":"category","embeddable":true,"href":"https:\/\/estado29.mx\/index.php?rest_route=%2Fwp%2Fv2%2Fcategories&post=87449"},{"taxonomy":"post_tag","embeddable":true,"href":"https:\/\/estado29.mx\/index.php?rest_route=%2Fwp%2Fv2%2Ftags&post=87449"}],"curies":[{"name":"wp","href":"https:\/\/api.w.org\/{rel}","templated":true}]}}