{"id":87453,"date":"2023-08-03T18:43:21","date_gmt":"2023-08-03T18:43:21","guid":{"rendered":"https:\/\/estado29.mx\/?p=87453"},"modified":"2023-08-03T18:43:22","modified_gmt":"2023-08-03T18:43:22","slug":"garantizada-la-seguridad-para-la-feria-internacional-de-arte-efimero-y-la-dalia-huamantla-2023-salvador-santos-cedillo","status":"publish","type":"post","link":"https:\/\/estado29.mx\/?p=87453","title":{"rendered":"Garantizada la Seguridad para la Feria Internacional de Arte Ef\u00edmero y la Dalia Huamantla 2023: Salvador Santos Cedillo."},"content":{"rendered":"\n<p>El Presidente Municipal del Huamantla, Juan Salvador Santos Cedillo, mencion\u00f3 que como parte de la log\u00edstica, que se ha venido preparando para el desarrollo de la Feria Internacional del Arte Ef\u00edmero y la Dalia Huamantla 2023, se han establecido reuniones con las diversas corporaciones, a fin de obtener saldo blanco en los eventos que se han organizado \u201csi, me sent\u00e9 con la Secretar\u00eda de Seguridad Ciudadana, con Protecci\u00f3n Civil Estatal, Cruz Roja, Centro Regulador de Urgencias M\u00e9dicas (CRUM), el Hospital General de Huamantla, Polic\u00eda Municipal, nuestro Protecci\u00f3n Civil, con todos ya estuvimos hablando\u201d.<\/p>\n\n\n\n<p><br>El edil agreg\u00f3, que se han tenido tres reuniones, en donde se busca fortalecer los trabajos, para tener un buen desarrollo de feria \u201cllevamos tres reuniones, con la que pas\u00f3 hace unos d\u00edas, donde seguimos fortaleciendo los trabajos para la feria, los puntos donde se van a encontrar igl\u00fas de emergencia, desde la inauguraci\u00f3n de feria que ya es el cinco de agosto, treinta y uno arrancamos en la Bas\u00edlica de la Caridad que es la fiesta religiosa, en honor a la Virgen de la Caridad y arrancamos con la salva de cohetes, las campanadas que ah\u00ed hemos tratado de moderar por el tema de los cohetes en Huamantla, he tratado de hacer mucha conciencia, no hemos aprobado algo pero estoy tratando, trabajando en ello porque, pues da\u00f1a a las personas que tienen una enfermedad y da\u00f1a aparte a los animales, entonces, estoy trabajando muy fuerte para lograr eso\u201d.<\/p>\n\n\n\n<p><br>Para finalizar, Santos Cedillo, asegur\u00f3 que la seguridad en el lugar est\u00e1 garantizada, tanto para la feria, Mundial de Voleibol y todo el a\u00f1o \u201csi claro, la seguridad est\u00e1 garantizada y tambi\u00e9n para el mundial y todo el a\u00f1o, Huamantla tiene garantizada la seguridad\u201d.<\/p>\n\n\n<figure class=\"wp-block-post-featured-image\"><img loading=\"lazy\" decoding=\"async\" width=\"2560\" height=\"1920\" src=\"https:\/\/estado29.mx\/wp-content\/uploads\/2023\/06\/IMG_20230623_131617-min-scaled.jpg\" class=\"attachment-post-thumbnail size-post-thumbnail wp-post-image\" alt=\"\" style=\"object-fit:cover;\" srcset=\"https:\/\/estado29.mx\/wp-content\/uploads\/2023\/06\/IMG_20230623_131617-min-scaled.jpg 2560w, https:\/\/estado29.mx\/wp-content\/uploads\/2023\/06\/IMG_20230623_131617-min-300x225.jpg 300w, https:\/\/estado29.mx\/wp-content\/uploads\/2023\/06\/IMG_20230623_131617-min-1024x768.jpg 1024w, https:\/\/estado29.mx\/wp-content\/uploads\/2023\/06\/IMG_20230623_131617-min-768x576.jpg 768w, https:\/\/estado29.mx\/wp-content\/uploads\/2023\/06\/IMG_20230623_131617-min-1536x1152.jpg 1536w, https:\/\/estado29.mx\/wp-content\/uploads\/2023\/06\/IMG_20230623_131617-min-2048x1536.jpg 2048w, https:\/\/estado29.mx\/wp-content\/uploads\/2023\/06\/IMG_20230623_131617-min-750x563.jpg 750w, https:\/\/estado29.mx\/wp-content\/uploads\/2023\/06\/IMG_20230623_131617-min-1140x855.jpg 1140w\" sizes=\"auto, (max-width: 2560px) 100vw, 2560px\" \/><\/figure>","protected":false},"excerpt":{"rendered":"<p>El Presidente Municipal del Huamantla, Juan Salvador Santos Cedillo, mencion\u00f3 que como parte de la log\u00edstica, que se ha venido preparando para el desarrollo de la Feria Internacional del Arte Ef\u00edmero y la Dalia Huamantla 2023, se han establecido reuniones con las diversas corporaciones, a fin de obtener saldo blanco en los eventos que se [&hellip;]<\/p>\n","protected":false},"author":7,"featured_media":86992,"comment_status":"open","ping_status":"open","sticky":false,"template":"","format":"standard","meta":{"om_disable_all_campaigns":false,"_monsterinsights_skip_tracking":false,"_monsterinsights_sitenote_active":false,"_monsterinsights_sitenote_note":"","_monsterinsights_sitenote_category":0,"jnews-multi-image_gallery":[],"jnews_single_post":{"subtitle":"","format":"standard","video":"","gallery":"","source_name":"","source_url":"","via_name":"","via_url":"","override_template":"0","override":[{"template":"1","single_blog_custom":"","parallax":"1","fullscreen":"1","layout":"right-sidebar","sidebar":"default-sidebar","second_sidebar":"default-sidebar","sticky_sidebar":"1","share_position":"top","share_float_style":"share-monocrhome","show_share_counter":"1","show_view_counter":"1","show_featured":"1","show_post_meta":"1","show_post_author":"1","show_post_author_image":"1","show_post_date":"1","post_date_format":"default","post_date_format_custom":"Y\/m\/d","show_post_category":"1","show_post_reading_time":"0","post_reading_time_wpm":"300","show_zoom_button":"0","zoom_button_out_step":"2","zoom_button_in_step":"3","show_post_tag":"1","show_prev_next_post":"1","show_popup_post":"1","number_popup_post":"1","show_author_box":"1","show_post_related":"0","show_inline_post_related":"0"}],"override_image_size":"0","image_override":[{"single_post_thumbnail_size":"crop-500","single_post_gallery_size":"crop-500"}],"trending_post":"0","trending_post_position":"meta","trending_post_label":"Trending","sponsored_post":"0","sponsored_post_label":"Sponsored by","sponsored_post_name":"","sponsored_post_url":"","sponsored_post_logo_enable":"0","sponsored_post_logo":"","sponsored_post_desc":"","disable_ad":"0"},"jnews_primary_category":{"id":""},"footnotes":""},"categories":[1],"tags":[],"class_list":["post-87453","post","type-post","status-publish","format-standard","has-post-thumbnail","hentry","category-uncategorized"],"aioseo_notices":[],"_links":{"self":[{"href":"https:\/\/estado29.mx\/index.php?rest_route=\/wp\/v2\/posts\/87453","targetHints":{"allow":["GET"]}}],"collection":[{"href":"https:\/\/estado29.mx\/index.php?rest_route=\/wp\/v2\/posts"}],"about":[{"href":"https:\/\/estado29.mx\/index.php?rest_route=\/wp\/v2\/types\/post"}],"author":[{"embeddable":true,"href":"https:\/\/estado29.mx\/index.php?rest_route=\/wp\/v2\/users\/7"}],"replies":[{"embeddable":true,"href":"https:\/\/estado29.mx\/index.php?rest_route=%2Fwp%2Fv2%2Fcomments&post=87453"}],"version-history":[{"count":1,"href":"https:\/\/estado29.mx\/index.php?rest_route=\/wp\/v2\/posts\/87453\/revisions"}],"predecessor-version":[{"id":87454,"href":"https:\/\/estado29.mx\/index.php?rest_route=\/wp\/v2\/posts\/87453\/revisions\/87454"}],"wp:featuredmedia":[{"embeddable":true,"href":"https:\/\/estado29.mx\/index.php?rest_route=\/wp\/v2\/media\/86992"}],"wp:attachment":[{"href":"https:\/\/estado29.mx\/index.php?rest_route=%2Fwp%2Fv2%2Fmedia&parent=87453"}],"wp:term":[{"taxonomy":"category","embeddable":true,"href":"https:\/\/estado29.mx\/index.php?rest_route=%2Fwp%2Fv2%2Fcategories&post=87453"},{"taxonomy":"post_tag","embeddable":true,"href":"https:\/\/estado29.mx\/index.php?rest_route=%2Fwp%2Fv2%2Ftags&post=87453"}],"curies":[{"name":"wp","href":"https:\/\/api.w.org\/{rel}","templated":true}]}}