{"id":87467,"date":"2023-08-04T14:04:37","date_gmt":"2023-08-04T14:04:37","guid":{"rendered":"https:\/\/estado29.mx\/?p=87467"},"modified":"2023-08-04T14:34:54","modified_gmt":"2023-08-04T14:34:54","slug":"inicia-gobierno-del-estado-segunda-etapa-de-trabajos-en-la-laguna-de-acuitlapilco","status":"publish","type":"post","link":"https:\/\/estado29.mx\/?p=87467","title":{"rendered":"Inicia Gobierno del Estado segunda etapa de trabajos en la laguna de Acuitlapilco"},"content":{"rendered":"\n<p>*Ning\u00fan gobierno hab\u00eda asumido el compromiso de saneamiento y recuperaci\u00f3n del espacio<\/p>\n\n\n\n<p>El gobierno del estado, a trav\u00e9s de la Procuradur\u00eda de Protecci\u00f3n al Ambiente (Propaet), la Secretar\u00eda de Medio Ambiente (SMA) y la Secretar\u00eda de Infraestructura (SI), inici\u00f3 la segunda etapa de trabajos para la recuperaci\u00f3n del cuerpo de agua denominado Laguna de Acuitlapilco.<\/p>\n\n\n\n<p>En <a><\/a>el evento realizado la laguna, inici\u00f3 esta nueva etapa con la firma de convenio para la extensi\u00f3n del pr\u00e9stamo de la maquinaria 320 de la SI, a efecto de ejecutar trabajos de desazolve en el per\u00edmetro del mencionado cuerpo de agua.<\/p>\n\n\n\n<p>Estos trabajos, coordinados por la Propaet, han tenido lugar desde el 6 de junio y como resultado hay un avance de casi 3 mil metros lineales en el per\u00edmetro de este cuerpo de agua y un 60 por ciento de avance de acciones a dos meses de haber iniciado.<\/p>\n\n\n\n<p>Durante su intervenci\u00f3n, el titular de la Propaet, Iv\u00e1n Garc\u00eda Ju\u00e1rez reconoci\u00f3 el compromiso de la gobernadora Lorena Cu\u00e9llar Cisneros para rescatar y preservar la laguna, como un compromiso que ning\u00fan gobierno hab\u00eda asumido y que hoy es una realidad. Adem\u00e1s, enfatiz\u00f3: \u201cnuestro compromiso colectivo es rescatar esta laguna y devolverle su esplendor original\u201d.<\/p>\n\n\n\n<p>El titular de la SI, Alfonso S\u00e1nchez Garc\u00eda destac\u00f3 que este convenio solo es un paso para la recuperaci\u00f3n de la laguna y los trabajos continuar\u00e1n encaminados en el cuidado y preservaci\u00f3n de la flora y fauna de este emblem\u00e1tico sitio para las y los tlaxcaltecas.<\/p>\n\n\n\n<p>En tanto, el titular de la SMA, Luis Antonio Ram\u00edrez Hern\u00e1ndez anunci\u00f3 que la Laguna de Acuitlapilco est\u00e1 considerada por la titular del Ejecutivo local, como una de las posibles nuevas \u00e1reas naturales protegidas de la naci\u00f3n. Por lo que los trabajos continuar\u00e1n de la mano con la sociedad civil, que es parte fundamental de este proyecto.<\/p>\n\n\n\n<p>Cabe destacar que este evento cont\u00f3 con la presencia del comisionado Estatal de Agua y Saneamiento, David Guerrero Tapia; del director local de la Conagua, Pedro Misael Albornoz G\u00f3ngora; del director de Planeaci\u00f3n y Coordinaci\u00f3n Estrat\u00e9gica de la Procuradur\u00eda de Protecci\u00f3n al Ambiente, Emilio de la Pe\u00f1a Aponte; as\u00ed como representantes de la Uni\u00f3n de Pueblos, Comunidades y Organizaciones por la Laguna y la Vida, que congrega a decenas de ciudadanos y ribere\u00f1os que han trabajado activamente por la recuperaci\u00f3n de este cuerpo de agua.<\/p>\n","protected":false},"excerpt":{"rendered":"<p>*Ning\u00fan gobierno hab\u00eda asumido el compromiso de saneamiento y recuperaci\u00f3n del espacio El gobierno del estado, a trav\u00e9s de la Procuradur\u00eda de Protecci\u00f3n al Ambiente (Propaet), la Secretar\u00eda de Medio Ambiente (SMA) y la Secretar\u00eda de Infraestructura (SI), inici\u00f3 la segunda etapa de trabajos para la recuperaci\u00f3n del cuerpo de agua denominado Laguna de Acuitlapilco. [&hellip;]<\/p>\n","protected":false},"author":4,"featured_media":87468,"comment_status":"open","ping_status":"open","sticky":false,"template":"","format":"standard","meta":{"om_disable_all_campaigns":false,"_monsterinsights_skip_tracking":false,"_monsterinsights_sitenote_active":false,"_monsterinsights_sitenote_note":"","_monsterinsights_sitenote_category":0,"jnews-multi-image_gallery":[],"jnews_single_post":{"subtitle":"","format":"standard","video":"","gallery":"","source_name":"","source_url":"","via_name":"","via_url":"","override_template":"0","override":[{"template":"1","single_blog_custom":"","parallax":"1","fullscreen":"1","layout":"right-sidebar","sidebar":"default-sidebar","second_sidebar":"default-sidebar","sticky_sidebar":"1","share_position":"top","share_float_style":"share-monocrhome","show_share_counter":"1","show_view_counter":"1","show_featured":"1","show_post_meta":"1","show_post_author":"1","show_post_author_image":"1","show_post_date":"1","post_date_format":"default","post_date_format_custom":"Y\/m\/d","show_post_category":"1","show_post_reading_time":"0","post_reading_time_wpm":"300","show_zoom_button":"0","zoom_button_out_step":"2","zoom_button_in_step":"3","show_post_tag":"1","show_prev_next_post":"1","show_popup_post":"1","number_popup_post":"1","show_author_box":"1","show_post_related":"0","show_inline_post_related":"0"}],"override_image_size":"0","image_override":[{"single_post_thumbnail_size":"crop-500","single_post_gallery_size":"crop-500"}],"trending_post":"0","trending_post_position":"meta","trending_post_label":"Trending","sponsored_post":"0","sponsored_post_label":"Sponsored by","sponsored_post_name":"","sponsored_post_url":"","sponsored_post_logo_enable":"0","sponsored_post_logo":"","sponsored_post_desc":"","disable_ad":"0"},"jnews_primary_category":{"id":""},"footnotes":""},"categories":[1],"tags":[150,110,96],"class_list":["post-87467","post","type-post","status-publish","format-standard","has-post-thumbnail","hentry","category-uncategorized","tag-gobierno-del-estado","tag-municipios","tag-tlaxcala"],"aioseo_notices":[],"_links":{"self":[{"href":"https:\/\/estado29.mx\/index.php?rest_route=\/wp\/v2\/posts\/87467","targetHints":{"allow":["GET"]}}],"collection":[{"href":"https:\/\/estado29.mx\/index.php?rest_route=\/wp\/v2\/posts"}],"about":[{"href":"https:\/\/estado29.mx\/index.php?rest_route=\/wp\/v2\/types\/post"}],"author":[{"embeddable":true,"href":"https:\/\/estado29.mx\/index.php?rest_route=\/wp\/v2\/users\/4"}],"replies":[{"embeddable":true,"href":"https:\/\/estado29.mx\/index.php?rest_route=%2Fwp%2Fv2%2Fcomments&post=87467"}],"version-history":[{"count":1,"href":"https:\/\/estado29.mx\/index.php?rest_route=\/wp\/v2\/posts\/87467\/revisions"}],"predecessor-version":[{"id":87469,"href":"https:\/\/estado29.mx\/index.php?rest_route=\/wp\/v2\/posts\/87467\/revisions\/87469"}],"wp:featuredmedia":[{"embeddable":true,"href":"https:\/\/estado29.mx\/index.php?rest_route=\/wp\/v2\/media\/87468"}],"wp:attachment":[{"href":"https:\/\/estado29.mx\/index.php?rest_route=%2Fwp%2Fv2%2Fmedia&parent=87467"}],"wp:term":[{"taxonomy":"category","embeddable":true,"href":"https:\/\/estado29.mx\/index.php?rest_route=%2Fwp%2Fv2%2Fcategories&post=87467"},{"taxonomy":"post_tag","embeddable":true,"href":"https:\/\/estado29.mx\/index.php?rest_route=%2Fwp%2Fv2%2Ftags&post=87467"}],"curies":[{"name":"wp","href":"https:\/\/api.w.org\/{rel}","templated":true}]}}