{"id":87492,"date":"2023-08-04T18:36:08","date_gmt":"2023-08-04T18:36:08","guid":{"rendered":"https:\/\/estado29.mx\/?p=87492"},"modified":"2023-08-04T18:36:08","modified_gmt":"2023-08-04T18:36:08","slug":"emiten-autoridades-de-tequexquitla-medidas-de-prevencion-de-propagacion-de-mosquito-del-dengue","status":"publish","type":"post","link":"https:\/\/estado29.mx\/?p=87492","title":{"rendered":"Emiten autoridades de Tequexquitla medidas de prevenci\u00f3n de propagaci\u00f3n de mosquito del dengue."},"content":{"rendered":"\n<p>El Gobierno Municipal de El Carmen Tequexquitla, encabezado por la alcaldesa Mar\u00eda Araceli Mart\u00ednez Cortez, en coordinaci\u00f3n con la sexta Regidur\u00eda de Salud y Asistencia Social, hacen la invitaci\u00f3n a los pobladores del lugar, a tomar las medidas necesarias, para la prevenci\u00f3n de propagaci\u00f3n de mosquito del dengue.<\/p>\n\n\n\n<p><br>En su mensaje, la edil, exhort\u00f3 a los pobladores a mantener los jardines sin hierba, limpiar con agua y jab\u00f3n, cisternas, tinacos, piletas y todo recipiente donde se acumule agua, tirar objetos que no sirvan y acumulen este l\u00edquido.<\/p>\n\n\n\n<p><br>Para el cuidado del hogar, refiri\u00f3 utilizar repelente contra insectos, usar manga y pantalones largos, colocar mosquiteros en puertas y ventanas y usar pabellones para dormir.<\/p>\n\n\n\n<p><br>Asimismo, agreg\u00f3 que en caso de presentar s\u00edntomas como dolor de ojos, dolor de cabeza, dolor muscular y de articulaciones, fiebre y salpullido, se debe acudir al hospital comunitario para recibir atenci\u00f3n inmediata.<\/p>\n\n\n<figure class=\"wp-block-post-featured-image\"><img loading=\"lazy\" decoding=\"async\" width=\"720\" height=\"717\" src=\"https:\/\/estado29.mx\/wp-content\/uploads\/2023\/08\/FB_IMG_1691119315456.jpg\" class=\"attachment-post-thumbnail size-post-thumbnail wp-post-image\" alt=\"\" style=\"object-fit:cover;\" srcset=\"https:\/\/estado29.mx\/wp-content\/uploads\/2023\/08\/FB_IMG_1691119315456.jpg 720w, https:\/\/estado29.mx\/wp-content\/uploads\/2023\/08\/FB_IMG_1691119315456-300x300.jpg 300w, https:\/\/estado29.mx\/wp-content\/uploads\/2023\/08\/FB_IMG_1691119315456-150x150.jpg 150w, https:\/\/estado29.mx\/wp-content\/uploads\/2023\/08\/FB_IMG_1691119315456-75x75.jpg 75w, https:\/\/estado29.mx\/wp-content\/uploads\/2023\/08\/FB_IMG_1691119315456-350x350.jpg 350w\" sizes=\"auto, (max-width: 720px) 100vw, 720px\" \/><\/figure>","protected":false},"excerpt":{"rendered":"<p>El Gobierno Municipal de El Carmen Tequexquitla, encabezado por la alcaldesa Mar\u00eda Araceli Mart\u00ednez Cortez, en coordinaci\u00f3n con la sexta Regidur\u00eda de Salud y Asistencia Social, hacen la invitaci\u00f3n a los pobladores del lugar, a tomar las medidas necesarias, para la prevenci\u00f3n de propagaci\u00f3n de mosquito del dengue. En su mensaje, la edil, exhort\u00f3 a [&hellip;]<\/p>\n","protected":false},"author":7,"featured_media":87493,"comment_status":"open","ping_status":"open","sticky":false,"template":"","format":"standard","meta":{"om_disable_all_campaigns":false,"_monsterinsights_skip_tracking":false,"_monsterinsights_sitenote_active":false,"_monsterinsights_sitenote_note":"","_monsterinsights_sitenote_category":0,"jnews-multi-image_gallery":[],"jnews_single_post":[],"jnews_primary_category":[],"footnotes":""},"categories":[1],"tags":[],"class_list":["post-87492","post","type-post","status-publish","format-standard","has-post-thumbnail","hentry","category-uncategorized"],"aioseo_notices":[],"_links":{"self":[{"href":"https:\/\/estado29.mx\/index.php?rest_route=\/wp\/v2\/posts\/87492","targetHints":{"allow":["GET"]}}],"collection":[{"href":"https:\/\/estado29.mx\/index.php?rest_route=\/wp\/v2\/posts"}],"about":[{"href":"https:\/\/estado29.mx\/index.php?rest_route=\/wp\/v2\/types\/post"}],"author":[{"embeddable":true,"href":"https:\/\/estado29.mx\/index.php?rest_route=\/wp\/v2\/users\/7"}],"replies":[{"embeddable":true,"href":"https:\/\/estado29.mx\/index.php?rest_route=%2Fwp%2Fv2%2Fcomments&post=87492"}],"version-history":[{"count":1,"href":"https:\/\/estado29.mx\/index.php?rest_route=\/wp\/v2\/posts\/87492\/revisions"}],"predecessor-version":[{"id":87494,"href":"https:\/\/estado29.mx\/index.php?rest_route=\/wp\/v2\/posts\/87492\/revisions\/87494"}],"wp:featuredmedia":[{"embeddable":true,"href":"https:\/\/estado29.mx\/index.php?rest_route=\/wp\/v2\/media\/87493"}],"wp:attachment":[{"href":"https:\/\/estado29.mx\/index.php?rest_route=%2Fwp%2Fv2%2Fmedia&parent=87492"}],"wp:term":[{"taxonomy":"category","embeddable":true,"href":"https:\/\/estado29.mx\/index.php?rest_route=%2Fwp%2Fv2%2Fcategories&post=87492"},{"taxonomy":"post_tag","embeddable":true,"href":"https:\/\/estado29.mx\/index.php?rest_route=%2Fwp%2Fv2%2Ftags&post=87492"}],"curies":[{"name":"wp","href":"https:\/\/api.w.org\/{rel}","templated":true}]}}