{"id":87495,"date":"2023-08-04T18:39:02","date_gmt":"2023-08-04T18:39:02","guid":{"rendered":"https:\/\/estado29.mx\/?p=87495"},"modified":"2023-08-04T18:39:03","modified_gmt":"2023-08-04T18:39:03","slug":"campeonato-mundial-de-voleibol-de-playa-sera-oportunidad-para-proyectar-a-huamantla-juan-salvador-santos-cedillo","status":"publish","type":"post","link":"https:\/\/estado29.mx\/?p=87495","title":{"rendered":"Campeonato Mundial de Voleibol de Playa ser\u00e1 oportunidad para proyectar a Huamantla: Juan Salvador Santos Cedillo."},"content":{"rendered":"\n<p>El Presidente Municipal de Huamantla, Juan Salvador Santos Cedillo, resalt\u00f3 la importancia de proyectar al lugar, en la celebraci\u00f3n del Campeonato Mundial de Voleibol de Playa Tlaxcala 2023, a efectuarse en octubre pr\u00f3ximo.<\/p>\n\n\n\n<p><br>El alcalde mencion\u00f3, que la log\u00edstica que se tiene para estos encuentros deportivos es impresionante, ya que se tendr\u00e1n visitantes de todo el mundo \u201ctenemos preparado el Mundial de Voleibol aqu\u00ed en Huamantla, tenemos algo muy importante que es, pues yo creo que, es una ocasi\u00f3n donde tenemos que celebrarlo tambi\u00e9n porque tenemos visitantes de todo el mundo, que van a estar en Huamantla, la log\u00edstica es impresionante\u201d.<\/p>\n\n\n\n<figure class=\"wp-block-image size-large\"><img loading=\"lazy\" decoding=\"async\" width=\"1024\" height=\"768\" src=\"https:\/\/estado29.mx\/wp-content\/uploads\/2023\/08\/IMG_20230708_083548-min-1-1024x768.jpg\" alt=\"\" class=\"wp-image-87497\" srcset=\"https:\/\/estado29.mx\/wp-content\/uploads\/2023\/08\/IMG_20230708_083548-min-1-1024x768.jpg 1024w, https:\/\/estado29.mx\/wp-content\/uploads\/2023\/08\/IMG_20230708_083548-min-1-300x225.jpg 300w, https:\/\/estado29.mx\/wp-content\/uploads\/2023\/08\/IMG_20230708_083548-min-1-768x576.jpg 768w, https:\/\/estado29.mx\/wp-content\/uploads\/2023\/08\/IMG_20230708_083548-min-1-1536x1152.jpg 1536w, https:\/\/estado29.mx\/wp-content\/uploads\/2023\/08\/IMG_20230708_083548-min-1-2048x1536.jpg 2048w, https:\/\/estado29.mx\/wp-content\/uploads\/2023\/08\/IMG_20230708_083548-min-1-750x563.jpg 750w, https:\/\/estado29.mx\/wp-content\/uploads\/2023\/08\/IMG_20230708_083548-min-1-1140x855.jpg 1140w\" sizes=\"auto, (max-width: 1024px) 100vw, 1024px\" \/><\/figure>\n\n\n\n<p><br>Asimismo, coment\u00f3 que la Plaza de Toros y el Parque Ju\u00e1rez, se convertir\u00e1n en estadios de voleibol en esos diez d\u00edas de juegos \u201cplaza de toros se convierte en un estadio de voleibol, aqu\u00ed tambi\u00e9n el parque va a tener una cancha, se va a tener todo un tr\u00e1mite distinto Huamantla, que lo tienen que disfrutar los huamantlecos, que vamos todos a ser parte de ello y oyes que si, Huamantla en su feria es antesala para este gran evento, que es del cinco de octubre al quince de octubre\u201d.<\/p>\n\n\n\n<p><br>Para finalizar, el alcalde dijo que ya est\u00e1n a la venta los boletos para vivir estos encuentros deportivos \u201cdiez d\u00edas donde se van a jugar m\u00e1s de cincuenta partidos, ya los boletos ya est\u00e1n a la venta, en la p\u00e1gina de internet que tambi\u00e9n lo pueden ver en la Secretar\u00eda de Turismo Estatal, tambi\u00e9n en mis redes sociales, en la p\u00e1gina de Chava Santos ah\u00ed pueden encontrar la liga, la verdad es que es un boleto muy econ\u00f3mico, para que todos puedan ingresar, creo que la responsabilidad de todos es, tener realmente, una gran, cara, un gran saludo para todos nuestros visitantes que vamos a tener en todo lo que resta del a\u00f1o\u201d.<\/p>\n\n\n<figure class=\"wp-block-post-featured-image\"><img loading=\"lazy\" decoding=\"async\" width=\"2560\" height=\"1920\" src=\"https:\/\/estado29.mx\/wp-content\/uploads\/2023\/08\/IMG_20230623_131617-min-scaled.jpg\" class=\"attachment-post-thumbnail size-post-thumbnail wp-post-image\" alt=\"\" style=\"object-fit:cover;\" srcset=\"https:\/\/estado29.mx\/wp-content\/uploads\/2023\/08\/IMG_20230623_131617-min-scaled.jpg 2560w, https:\/\/estado29.mx\/wp-content\/uploads\/2023\/08\/IMG_20230623_131617-min-300x225.jpg 300w, https:\/\/estado29.mx\/wp-content\/uploads\/2023\/08\/IMG_20230623_131617-min-1024x768.jpg 1024w, https:\/\/estado29.mx\/wp-content\/uploads\/2023\/08\/IMG_20230623_131617-min-768x576.jpg 768w, https:\/\/estado29.mx\/wp-content\/uploads\/2023\/08\/IMG_20230623_131617-min-1536x1152.jpg 1536w, https:\/\/estado29.mx\/wp-content\/uploads\/2023\/08\/IMG_20230623_131617-min-2048x1536.jpg 2048w, https:\/\/estado29.mx\/wp-content\/uploads\/2023\/08\/IMG_20230623_131617-min-750x563.jpg 750w, https:\/\/estado29.mx\/wp-content\/uploads\/2023\/08\/IMG_20230623_131617-min-1140x855.jpg 1140w\" sizes=\"auto, (max-width: 2560px) 100vw, 2560px\" \/><\/figure>","protected":false},"excerpt":{"rendered":"<p>El Presidente Municipal de Huamantla, Juan Salvador Santos Cedillo, resalt\u00f3 la importancia de proyectar al lugar, en la celebraci\u00f3n del Campeonato Mundial de Voleibol de Playa Tlaxcala 2023, a efectuarse en octubre pr\u00f3ximo. El alcalde mencion\u00f3, que la log\u00edstica que se tiene para estos encuentros deportivos es impresionante, ya que se tendr\u00e1n visitantes de todo [&hellip;]<\/p>\n","protected":false},"author":7,"featured_media":87496,"comment_status":"open","ping_status":"open","sticky":false,"template":"","format":"standard","meta":{"om_disable_all_campaigns":false,"_monsterinsights_skip_tracking":false,"_monsterinsights_sitenote_active":false,"_monsterinsights_sitenote_note":"","_monsterinsights_sitenote_category":0,"jnews-multi-image_gallery":[],"jnews_single_post":{"subtitle":"","format":"standard","video":"","gallery":"","source_name":"","source_url":"","via_name":"","via_url":"","override_template":"0","override":[{"template":"1","single_blog_custom":"","parallax":"1","fullscreen":"1","layout":"right-sidebar","sidebar":"default-sidebar","second_sidebar":"default-sidebar","sticky_sidebar":"1","share_position":"top","share_float_style":"share-monocrhome","show_share_counter":"1","show_view_counter":"1","show_featured":"1","show_post_meta":"1","show_post_author":"1","show_post_author_image":"1","show_post_date":"1","post_date_format":"default","post_date_format_custom":"Y\/m\/d","show_post_category":"1","show_post_reading_time":"0","post_reading_time_wpm":"300","show_zoom_button":"0","zoom_button_out_step":"2","zoom_button_in_step":"3","show_post_tag":"1","show_prev_next_post":"1","show_popup_post":"1","number_popup_post":"1","show_author_box":"1","show_post_related":"0","show_inline_post_related":"0"}],"override_image_size":"0","image_override":[{"single_post_thumbnail_size":"crop-500","single_post_gallery_size":"crop-500"}],"trending_post":"0","trending_post_position":"meta","trending_post_label":"Trending","sponsored_post":"0","sponsored_post_label":"Sponsored by","sponsored_post_name":"","sponsored_post_url":"","sponsored_post_logo_enable":"0","sponsored_post_logo":"","sponsored_post_desc":"","disable_ad":"0"},"jnews_primary_category":{"id":""},"footnotes":""},"categories":[1],"tags":[],"class_list":["post-87495","post","type-post","status-publish","format-standard","has-post-thumbnail","hentry","category-uncategorized"],"aioseo_notices":[],"_links":{"self":[{"href":"https:\/\/estado29.mx\/index.php?rest_route=\/wp\/v2\/posts\/87495","targetHints":{"allow":["GET"]}}],"collection":[{"href":"https:\/\/estado29.mx\/index.php?rest_route=\/wp\/v2\/posts"}],"about":[{"href":"https:\/\/estado29.mx\/index.php?rest_route=\/wp\/v2\/types\/post"}],"author":[{"embeddable":true,"href":"https:\/\/estado29.mx\/index.php?rest_route=\/wp\/v2\/users\/7"}],"replies":[{"embeddable":true,"href":"https:\/\/estado29.mx\/index.php?rest_route=%2Fwp%2Fv2%2Fcomments&post=87495"}],"version-history":[{"count":1,"href":"https:\/\/estado29.mx\/index.php?rest_route=\/wp\/v2\/posts\/87495\/revisions"}],"predecessor-version":[{"id":87498,"href":"https:\/\/estado29.mx\/index.php?rest_route=\/wp\/v2\/posts\/87495\/revisions\/87498"}],"wp:featuredmedia":[{"embeddable":true,"href":"https:\/\/estado29.mx\/index.php?rest_route=\/wp\/v2\/media\/87496"}],"wp:attachment":[{"href":"https:\/\/estado29.mx\/index.php?rest_route=%2Fwp%2Fv2%2Fmedia&parent=87495"}],"wp:term":[{"taxonomy":"category","embeddable":true,"href":"https:\/\/estado29.mx\/index.php?rest_route=%2Fwp%2Fv2%2Fcategories&post=87495"},{"taxonomy":"post_tag","embeddable":true,"href":"https:\/\/estado29.mx\/index.php?rest_route=%2Fwp%2Fv2%2Ftags&post=87495"}],"curies":[{"name":"wp","href":"https:\/\/api.w.org\/{rel}","templated":true}]}}