{"id":87517,"date":"2023-08-07T18:55:53","date_gmt":"2023-08-07T18:55:53","guid":{"rendered":"https:\/\/estado29.mx\/?p=87517"},"modified":"2023-08-07T18:55:54","modified_gmt":"2023-08-07T18:55:54","slug":"entregan-obra-de-planta-de-tratamiento-de-aguas-residuales-en-tequexquitla","status":"publish","type":"post","link":"https:\/\/estado29.mx\/?p=87517","title":{"rendered":"Entregan obra de Planta de Tratamiento de aguas residuales en Tequexquitla."},"content":{"rendered":"\n<p>El Gobierno Municipal de El Carmen Tequexquitla, encabezado por la Alcaldesa, Mar\u00eda Araceli Mart\u00ednez Cortez, este lunes siete de agosto del a\u00f1o en curso, realiz\u00f3 la entrega de la planta de tratamiento de aguas residuales y la red de saneamiento, en la Comunidad de Temalacayucan.<\/p>\n\n\n\n<p>En esta ocasi\u00f3n, entre los trabajos que se realizaron est\u00e1n, tratamiento primario de aguas residuales, tanque de contacto de cloro, lecho de secados de lodos, interconexiones, vialidades y cercas de malla, estructura de descarga, descargas domiciliarias, obra que beneficiar\u00e1 a los habitantes de dicha localidad.<\/p>\n\n\n\n<figure class=\"wp-block-image size-full\"><img loading=\"lazy\" decoding=\"async\" width=\"720\" height=\"304\" src=\"https:\/\/estado29.mx\/wp-content\/uploads\/2023\/08\/FB_IMG_16914343386712.jpg\" alt=\"\" class=\"wp-image-87519\" srcset=\"https:\/\/estado29.mx\/wp-content\/uploads\/2023\/08\/FB_IMG_16914343386712.jpg 720w, https:\/\/estado29.mx\/wp-content\/uploads\/2023\/08\/FB_IMG_16914343386712-300x127.jpg 300w\" sizes=\"auto, (max-width: 720px) 100vw, 720px\" \/><\/figure>\n\n\n\n<p>En su mensaje, la Alcaldesa, Mar\u00eda Araceli Mart\u00ednez Cortez, coment\u00f3 que se siente orgullosa de representar a su municipio y lograr que el avance se vea, no solo en la cabecera municipal, si no tambi\u00e9n en todas sus comunidades, que por a\u00f1os han estado abandonadas, por lo que esta administraci\u00f3n, le ha dado prioridad a las peticiones de las y los ciudadanos, soluciones que benefician a toda una comunidad y no solo a unos cuantos.<\/p>\n\n\n<figure class=\"wp-block-post-featured-image\"><img loading=\"lazy\" decoding=\"async\" width=\"705\" height=\"300\" src=\"https:\/\/estado29.mx\/wp-content\/uploads\/2023\/08\/FB_IMG_16914343327132.jpg\" class=\"attachment-post-thumbnail size-post-thumbnail wp-post-image\" alt=\"\" style=\"object-fit:cover;\" srcset=\"https:\/\/estado29.mx\/wp-content\/uploads\/2023\/08\/FB_IMG_16914343327132.jpg 705w, https:\/\/estado29.mx\/wp-content\/uploads\/2023\/08\/FB_IMG_16914343327132-300x128.jpg 300w\" sizes=\"auto, (max-width: 705px) 100vw, 705px\" \/><\/figure>","protected":false},"excerpt":{"rendered":"<p>El Gobierno Municipal de El Carmen Tequexquitla, encabezado por la Alcaldesa, Mar\u00eda Araceli Mart\u00ednez Cortez, este lunes siete de agosto del a\u00f1o en curso, realiz\u00f3 la entrega de la planta de tratamiento de aguas residuales y la red de saneamiento, en la Comunidad de Temalacayucan. En esta ocasi\u00f3n, entre los trabajos que se realizaron est\u00e1n, [&hellip;]<\/p>\n","protected":false},"author":7,"featured_media":87518,"comment_status":"open","ping_status":"open","sticky":false,"template":"","format":"standard","meta":{"om_disable_all_campaigns":false,"_monsterinsights_skip_tracking":false,"_monsterinsights_sitenote_active":false,"_monsterinsights_sitenote_note":"","_monsterinsights_sitenote_category":0,"jnews-multi-image_gallery":[],"jnews_single_post":{"subtitle":"","format":"standard","video":"","gallery":"","source_name":"","source_url":"","via_name":"","via_url":"","override_template":"0","override":[{"template":"1","single_blog_custom":"","parallax":"1","fullscreen":"1","layout":"right-sidebar","sidebar":"default-sidebar","second_sidebar":"default-sidebar","sticky_sidebar":"1","share_position":"top","share_float_style":"share-monocrhome","show_share_counter":"1","show_view_counter":"1","show_featured":"1","show_post_meta":"1","show_post_author":"1","show_post_author_image":"1","show_post_date":"1","post_date_format":"default","post_date_format_custom":"Y\/m\/d","show_post_category":"1","show_post_reading_time":"0","post_reading_time_wpm":"300","show_zoom_button":"0","zoom_button_out_step":"2","zoom_button_in_step":"3","show_post_tag":"1","show_prev_next_post":"1","show_popup_post":"1","number_popup_post":"1","show_author_box":"1","show_post_related":"0","show_inline_post_related":"0"}],"override_image_size":"0","image_override":[{"single_post_thumbnail_size":"crop-500","single_post_gallery_size":"crop-500"}],"trending_post":"0","trending_post_position":"meta","trending_post_label":"Trending","sponsored_post":"0","sponsored_post_label":"Sponsored by","sponsored_post_name":"","sponsored_post_url":"","sponsored_post_logo_enable":"0","sponsored_post_logo":"","sponsored_post_desc":"","disable_ad":"0"},"jnews_primary_category":{"id":""},"footnotes":""},"categories":[1],"tags":[],"class_list":["post-87517","post","type-post","status-publish","format-standard","has-post-thumbnail","hentry","category-uncategorized"],"aioseo_notices":[],"_links":{"self":[{"href":"https:\/\/estado29.mx\/index.php?rest_route=\/wp\/v2\/posts\/87517","targetHints":{"allow":["GET"]}}],"collection":[{"href":"https:\/\/estado29.mx\/index.php?rest_route=\/wp\/v2\/posts"}],"about":[{"href":"https:\/\/estado29.mx\/index.php?rest_route=\/wp\/v2\/types\/post"}],"author":[{"embeddable":true,"href":"https:\/\/estado29.mx\/index.php?rest_route=\/wp\/v2\/users\/7"}],"replies":[{"embeddable":true,"href":"https:\/\/estado29.mx\/index.php?rest_route=%2Fwp%2Fv2%2Fcomments&post=87517"}],"version-history":[{"count":1,"href":"https:\/\/estado29.mx\/index.php?rest_route=\/wp\/v2\/posts\/87517\/revisions"}],"predecessor-version":[{"id":87520,"href":"https:\/\/estado29.mx\/index.php?rest_route=\/wp\/v2\/posts\/87517\/revisions\/87520"}],"wp:featuredmedia":[{"embeddable":true,"href":"https:\/\/estado29.mx\/index.php?rest_route=\/wp\/v2\/media\/87518"}],"wp:attachment":[{"href":"https:\/\/estado29.mx\/index.php?rest_route=%2Fwp%2Fv2%2Fmedia&parent=87517"}],"wp:term":[{"taxonomy":"category","embeddable":true,"href":"https:\/\/estado29.mx\/index.php?rest_route=%2Fwp%2Fv2%2Fcategories&post=87517"},{"taxonomy":"post_tag","embeddable":true,"href":"https:\/\/estado29.mx\/index.php?rest_route=%2Fwp%2Fv2%2Ftags&post=87517"}],"curies":[{"name":"wp","href":"https:\/\/api.w.org\/{rel}","templated":true}]}}