{"id":87529,"date":"2023-08-08T17:28:01","date_gmt":"2023-08-08T17:28:01","guid":{"rendered":"https:\/\/estado29.mx\/?p=87529"},"modified":"2023-08-08T17:28:03","modified_gmt":"2023-08-08T17:28:03","slug":"ya-se-tiene-fecha-estimada-para-inauguracion-de-museo-del-maiz-en-ixtenco","status":"publish","type":"post","link":"https:\/\/estado29.mx\/?p=87529","title":{"rendered":"Ya se tiene fecha estimada para inauguraci\u00f3n de Museo del Ma\u00edz en Ixtenco."},"content":{"rendered":"\n<p>El Presidente Municipal de Ixtenco, Renato S\u00e1nchez Rojas, refiri\u00f3 que a\u00fan se tiene que plantear las bases de desarrollo, de infraestructura, as\u00ed como las normativas para el crecimiento y reconocimiento como Pueblo M\u00e1gico \u201clo \u00fanico que nos queda es \u00e9xito, tenemos que plantear las bases de desarrollo, de infraestructura, como Pueblo M\u00e1gico, al par de ordenamiento y bueno, las disposiciones y normatividades, que necesitamos hacer, para que esto crezca, sentar las bases del desarrollo porque seguramente, habr\u00e1 un desarrollo importante para nuestro municipio\u201d.<\/p>\n\n\n\n<p><br>En este sentido, el edil mencion\u00f3 que se tiene contemplado, inaugurar el Museo de Ma\u00edz el ocho de enero pr\u00f3ximo, esto comparte del Encuentro Nacional Otom\u00ed \u201cel d\u00eda ocho de enero se inaugura el Museo del Ma\u00edz y tambi\u00e9n el Museo Nacional de Pueblos M\u00e1gicos, de Pueblos Otom\u00edes de M\u00e9xico, va a haber obra de arte de todos los pueblos otom\u00edes de M\u00e9xico, Ixtenco ser\u00e1 la sede y se inaugurar\u00e1 el d\u00eda ocho de enero que es el d\u00eda del pueblo, y es el Encuentro Nacional Otom\u00ed \u201d.<\/p>\n\n\n<figure class=\"wp-block-post-featured-image\"><img loading=\"lazy\" decoding=\"async\" width=\"2560\" height=\"1920\" src=\"https:\/\/estado29.mx\/wp-content\/uploads\/2023\/06\/IMG_20230517_113335-min-1-scaled.jpg\" class=\"attachment-post-thumbnail size-post-thumbnail wp-post-image\" alt=\"\" style=\"object-fit:cover;\" srcset=\"https:\/\/estado29.mx\/wp-content\/uploads\/2023\/06\/IMG_20230517_113335-min-1-scaled.jpg 2560w, https:\/\/estado29.mx\/wp-content\/uploads\/2023\/06\/IMG_20230517_113335-min-1-300x225.jpg 300w, https:\/\/estado29.mx\/wp-content\/uploads\/2023\/06\/IMG_20230517_113335-min-1-1024x768.jpg 1024w, https:\/\/estado29.mx\/wp-content\/uploads\/2023\/06\/IMG_20230517_113335-min-1-768x576.jpg 768w, https:\/\/estado29.mx\/wp-content\/uploads\/2023\/06\/IMG_20230517_113335-min-1-1536x1152.jpg 1536w, https:\/\/estado29.mx\/wp-content\/uploads\/2023\/06\/IMG_20230517_113335-min-1-2048x1536.jpg 2048w, https:\/\/estado29.mx\/wp-content\/uploads\/2023\/06\/IMG_20230517_113335-min-1-750x563.jpg 750w, https:\/\/estado29.mx\/wp-content\/uploads\/2023\/06\/IMG_20230517_113335-min-1-1140x855.jpg 1140w\" sizes=\"auto, (max-width: 2560px) 100vw, 2560px\" \/><\/figure>","protected":false},"excerpt":{"rendered":"<p>El Presidente Municipal de Ixtenco, Renato S\u00e1nchez Rojas, refiri\u00f3 que a\u00fan se tiene que plantear las bases de desarrollo, de infraestructura, as\u00ed como las normativas para el crecimiento y reconocimiento como Pueblo M\u00e1gico \u201clo \u00fanico que nos queda es \u00e9xito, tenemos que plantear las bases de desarrollo, de infraestructura, como Pueblo M\u00e1gico, al par de [&hellip;]<\/p>\n","protected":false},"author":7,"featured_media":86709,"comment_status":"open","ping_status":"open","sticky":false,"template":"","format":"standard","meta":{"om_disable_all_campaigns":false,"_monsterinsights_skip_tracking":false,"_monsterinsights_sitenote_active":false,"_monsterinsights_sitenote_note":"","_monsterinsights_sitenote_category":0,"jnews-multi-image_gallery":[],"jnews_single_post":[],"jnews_primary_category":[],"footnotes":""},"categories":[1],"tags":[],"class_list":["post-87529","post","type-post","status-publish","format-standard","has-post-thumbnail","hentry","category-uncategorized"],"aioseo_notices":[],"_links":{"self":[{"href":"https:\/\/estado29.mx\/index.php?rest_route=\/wp\/v2\/posts\/87529","targetHints":{"allow":["GET"]}}],"collection":[{"href":"https:\/\/estado29.mx\/index.php?rest_route=\/wp\/v2\/posts"}],"about":[{"href":"https:\/\/estado29.mx\/index.php?rest_route=\/wp\/v2\/types\/post"}],"author":[{"embeddable":true,"href":"https:\/\/estado29.mx\/index.php?rest_route=\/wp\/v2\/users\/7"}],"replies":[{"embeddable":true,"href":"https:\/\/estado29.mx\/index.php?rest_route=%2Fwp%2Fv2%2Fcomments&post=87529"}],"version-history":[{"count":1,"href":"https:\/\/estado29.mx\/index.php?rest_route=\/wp\/v2\/posts\/87529\/revisions"}],"predecessor-version":[{"id":87530,"href":"https:\/\/estado29.mx\/index.php?rest_route=\/wp\/v2\/posts\/87529\/revisions\/87530"}],"wp:featuredmedia":[{"embeddable":true,"href":"https:\/\/estado29.mx\/index.php?rest_route=\/wp\/v2\/media\/86709"}],"wp:attachment":[{"href":"https:\/\/estado29.mx\/index.php?rest_route=%2Fwp%2Fv2%2Fmedia&parent=87529"}],"wp:term":[{"taxonomy":"category","embeddable":true,"href":"https:\/\/estado29.mx\/index.php?rest_route=%2Fwp%2Fv2%2Fcategories&post=87529"},{"taxonomy":"post_tag","embeddable":true,"href":"https:\/\/estado29.mx\/index.php?rest_route=%2Fwp%2Fv2%2Ftags&post=87529"}],"curies":[{"name":"wp","href":"https:\/\/api.w.org\/{rel}","templated":true}]}}