{"id":87535,"date":"2023-08-08T17:35:24","date_gmt":"2023-08-08T17:35:24","guid":{"rendered":"https:\/\/estado29.mx\/?p=87535"},"modified":"2023-08-08T17:35:25","modified_gmt":"2023-08-08T17:35:25","slug":"inauguran-pozo-de-agua-potable-en-tequexquitla","status":"publish","type":"post","link":"https:\/\/estado29.mx\/?p=87535","title":{"rendered":"Inauguran Pozo de Agua Potable en Tequexquitla."},"content":{"rendered":"\n<p>Este lunes siete de agosto del a\u00f1o en curso, se llev\u00f3 a cabo en el Municipio de El Carmen Tequexquitla, la inauguraci\u00f3n del Pozo de Agua Potable Mazatepec, que se estima, beneficie a unos seis mil habitantes, de las colonias Mazatepec Norte y Sur, que por m\u00e1s de cinco a\u00f1os sufrieron desabasto del vital l\u00edquido.<\/p>\n\n\n\n<figure class=\"wp-block-image size-full\"><img loading=\"lazy\" decoding=\"async\" width=\"720\" height=\"381\" src=\"https:\/\/estado29.mx\/wp-content\/uploads\/2023\/08\/FB_IMG_16914671011332.jpg\" alt=\"\" class=\"wp-image-87537\" srcset=\"https:\/\/estado29.mx\/wp-content\/uploads\/2023\/08\/FB_IMG_16914671011332.jpg 720w, https:\/\/estado29.mx\/wp-content\/uploads\/2023\/08\/FB_IMG_16914671011332-300x159.jpg 300w\" sizes=\"auto, (max-width: 720px) 100vw, 720px\" \/><\/figure>\n\n\n\n<p><br>La Alcaldesa Mar\u00eda Araceli Mart\u00ednez Cortez, refiri\u00f3 que los pobladores tendr\u00e1n 350,000 litros que les permitir\u00e1n realizar sus actividades diarias m\u00e1s b\u00e1sicas y reiter\u00f3, su compromiso con el abastecimiento de agua en las comunidades y zonas que carecen de este servicio.<\/p>\n\n\n\n<p><br>Asimismo, enfatiz\u00f3 que las obras de infraestructura, como tanques, l\u00edneas de conducci\u00f3n y pozos, que se realizan en su gobierno contribuyen a garantizar el acceso digno de cientos de familias del territorio Tequexquitlense.<\/p>\n\n\n\n<figure class=\"wp-block-image size-full is-resized\"><img loading=\"lazy\" decoding=\"async\" src=\"https:\/\/estado29.mx\/wp-content\/uploads\/2023\/08\/FB_IMG_16914670901152.jpg\" alt=\"\" class=\"wp-image-87538\" width=\"322\" height=\"172\" srcset=\"https:\/\/estado29.mx\/wp-content\/uploads\/2023\/08\/FB_IMG_16914670901152.jpg 713w, https:\/\/estado29.mx\/wp-content\/uploads\/2023\/08\/FB_IMG_16914670901152-300x160.jpg 300w\" sizes=\"auto, (max-width: 322px) 100vw, 322px\" \/><\/figure>\n\n\n\n<p><br>Para finalizar, invit\u00f3 los pobladores a realizar el pago de su servicio, para que \u00e9ste, vaya al corriente con su energ\u00eda el\u00e9ctrica, de igual forma se realizar\u00e1 la verificaci\u00f3n de las tuber\u00edas ahora que el pozo esta en marcha.<\/p>\n\n\n<figure class=\"wp-block-post-featured-image\"><img loading=\"lazy\" decoding=\"async\" width=\"720\" height=\"379\" src=\"https:\/\/estado29.mx\/wp-content\/uploads\/2023\/08\/FB_IMG_16914670853342.jpg\" class=\"attachment-post-thumbnail size-post-thumbnail wp-post-image\" alt=\"\" style=\"object-fit:cover;\" srcset=\"https:\/\/estado29.mx\/wp-content\/uploads\/2023\/08\/FB_IMG_16914670853342.jpg 720w, https:\/\/estado29.mx\/wp-content\/uploads\/2023\/08\/FB_IMG_16914670853342-300x158.jpg 300w\" sizes=\"auto, (max-width: 720px) 100vw, 720px\" \/><\/figure>","protected":false},"excerpt":{"rendered":"<p>Este lunes siete de agosto del a\u00f1o en curso, se llev\u00f3 a cabo en el Municipio de El Carmen Tequexquitla, la inauguraci\u00f3n del Pozo de Agua Potable Mazatepec, que se estima, beneficie a unos seis mil habitantes, de las colonias Mazatepec Norte y Sur, que por m\u00e1s de cinco a\u00f1os sufrieron desabasto del vital l\u00edquido. [&hellip;]<\/p>\n","protected":false},"author":7,"featured_media":87536,"comment_status":"open","ping_status":"open","sticky":false,"template":"","format":"standard","meta":{"om_disable_all_campaigns":false,"_monsterinsights_skip_tracking":false,"_monsterinsights_sitenote_active":false,"_monsterinsights_sitenote_note":"","_monsterinsights_sitenote_category":0,"jnews-multi-image_gallery":[],"jnews_single_post":{"subtitle":"","format":"standard","video":"","gallery":"","source_name":"","source_url":"","via_name":"","via_url":"","override_template":"0","override":[{"template":"1","single_blog_custom":"","parallax":"1","fullscreen":"1","layout":"right-sidebar","sidebar":"default-sidebar","second_sidebar":"default-sidebar","sticky_sidebar":"1","share_position":"top","share_float_style":"share-monocrhome","show_share_counter":"1","show_view_counter":"1","show_featured":"1","show_post_meta":"1","show_post_author":"1","show_post_author_image":"1","show_post_date":"1","post_date_format":"default","post_date_format_custom":"Y\/m\/d","show_post_category":"1","show_post_reading_time":"0","post_reading_time_wpm":"300","show_zoom_button":"0","zoom_button_out_step":"2","zoom_button_in_step":"3","show_post_tag":"1","show_prev_next_post":"1","show_popup_post":"1","number_popup_post":"1","show_author_box":"1","show_post_related":"0","show_inline_post_related":"0"}],"override_image_size":"0","image_override":[{"single_post_thumbnail_size":"crop-500","single_post_gallery_size":"crop-500"}],"trending_post":"0","trending_post_position":"meta","trending_post_label":"Trending","sponsored_post":"0","sponsored_post_label":"Sponsored by","sponsored_post_name":"","sponsored_post_url":"","sponsored_post_logo_enable":"0","sponsored_post_logo":"","sponsored_post_desc":"","disable_ad":"0"},"jnews_primary_category":{"id":""},"footnotes":""},"categories":[1],"tags":[],"class_list":["post-87535","post","type-post","status-publish","format-standard","has-post-thumbnail","hentry","category-uncategorized"],"aioseo_notices":[],"_links":{"self":[{"href":"https:\/\/estado29.mx\/index.php?rest_route=\/wp\/v2\/posts\/87535","targetHints":{"allow":["GET"]}}],"collection":[{"href":"https:\/\/estado29.mx\/index.php?rest_route=\/wp\/v2\/posts"}],"about":[{"href":"https:\/\/estado29.mx\/index.php?rest_route=\/wp\/v2\/types\/post"}],"author":[{"embeddable":true,"href":"https:\/\/estado29.mx\/index.php?rest_route=\/wp\/v2\/users\/7"}],"replies":[{"embeddable":true,"href":"https:\/\/estado29.mx\/index.php?rest_route=%2Fwp%2Fv2%2Fcomments&post=87535"}],"version-history":[{"count":1,"href":"https:\/\/estado29.mx\/index.php?rest_route=\/wp\/v2\/posts\/87535\/revisions"}],"predecessor-version":[{"id":87539,"href":"https:\/\/estado29.mx\/index.php?rest_route=\/wp\/v2\/posts\/87535\/revisions\/87539"}],"wp:featuredmedia":[{"embeddable":true,"href":"https:\/\/estado29.mx\/index.php?rest_route=\/wp\/v2\/media\/87536"}],"wp:attachment":[{"href":"https:\/\/estado29.mx\/index.php?rest_route=%2Fwp%2Fv2%2Fmedia&parent=87535"}],"wp:term":[{"taxonomy":"category","embeddable":true,"href":"https:\/\/estado29.mx\/index.php?rest_route=%2Fwp%2Fv2%2Fcategories&post=87535"},{"taxonomy":"post_tag","embeddable":true,"href":"https:\/\/estado29.mx\/index.php?rest_route=%2Fwp%2Fv2%2Ftags&post=87535"}],"curies":[{"name":"wp","href":"https:\/\/api.w.org\/{rel}","templated":true}]}}