{"id":87544,"date":"2023-08-09T18:46:03","date_gmt":"2023-08-09T18:46:03","guid":{"rendered":"https:\/\/estado29.mx\/?p=87544"},"modified":"2023-08-09T18:46:04","modified_gmt":"2023-08-09T18:46:04","slug":"campeonato-mundial-de-voleibol-de-playa-una-oportunidad-para-tlaxcala-madai-perez-carrillo","status":"publish","type":"post","link":"https:\/\/estado29.mx\/?p=87544","title":{"rendered":"Campeonato Mundial de Voleibol de Playa una oportunidad para Tlaxcala: Mada\u00ed P\u00e9rez Carrillo."},"content":{"rendered":"\n<p>Mada\u00ed P\u00e9rez Carrillo, Directora General del Instituto del Deporte de Estado de Tlaxcala, refiri\u00f3 que los tlaxcalatecas debemos sentirnos orgullosos de que el Campeonato Mundial de Voleibol de Playa, se realice en el Estado \u201cestamos muy contentos, yo creo que todos como tlaxcaltecas debemos sentirnos orgullosos, de ser seleccionados, por el mundo para recibir, este gran evento\u201d.<\/p>\n\n\n\n<p><br>Asimismo, dijo que es una oportunidad para Tlaxcala, de dar a conocer las riquezas culturales, gastron\u00f3micas y lo bello de la gente \u201ces una oportunidad de vida, creo que cuando tu puedes mostrar las riquezas culturales y lo bello y lo hermoso que es nuestra gente, si alguien gan\u00f3 ser sede en este campeonato del mundo es nuestra poblaci\u00f3n, es la educaci\u00f3n que mostramos en eventos anteriores, a nivel mundial\u201d.<\/p>\n\n\n\n<p><br>P\u00e9rez Carrillo, detall\u00f3 que este acontecimiento ser\u00e1 de grandes beneficios de desarrollo para el estado, no solo en cuestiones deportivas \u201crecibir una etapa de tour, el Campeonato Mundial de Voleibol, pero tambi\u00e9n ser sede de una final de Copa del Mundo y que la gente tlaxcalteca haya demostrado esa, calid\u00e9z humana, esa educaci\u00f3n, esa cultura, realmente es lo que caltapult\u00f3, para que nos invitaran, que invitaran a la Gobernadora de Estado, a que recibiera este gran evento, un campeonato del mundo no, aunado a que el deporte, es un conjunto de beneficios, sociales, no nada m\u00e1s deportivos, no nada m\u00e1s a novel de desarrollo, no nada m\u00e1s de legado, sino que es deportivamente lo que se trae\u201d.<\/p>\n\n\n\n<p><br>Finalmente, subray\u00f3 que este campeonato es una oportunidad para que Tlaxcala se muestre al mundo \u201cel mostrar que tenemos la capacidad de poder recibir a personas, al turista internacional, nacional, as\u00ed como al estatal, que estamos en casa y dar a conocer las bellezas que tenemos es lo m\u00e1ximo, realmente, me siento muy orgullosa, es estar trabajando y que el deporte sea visto, a que todos seamos un solo equipo para mostrar el Tlaxcala que realmente es, al mundo\u201d.<\/p>\n\n\n<figure class=\"wp-block-post-featured-image\"><img loading=\"lazy\" decoding=\"async\" width=\"2560\" height=\"1920\" src=\"https:\/\/estado29.mx\/wp-content\/uploads\/2023\/08\/IMG_20230708_083548-min-1-scaled.jpg\" class=\"attachment-post-thumbnail size-post-thumbnail wp-post-image\" alt=\"\" style=\"object-fit:cover;\" srcset=\"https:\/\/estado29.mx\/wp-content\/uploads\/2023\/08\/IMG_20230708_083548-min-1-scaled.jpg 2560w, https:\/\/estado29.mx\/wp-content\/uploads\/2023\/08\/IMG_20230708_083548-min-1-300x225.jpg 300w, https:\/\/estado29.mx\/wp-content\/uploads\/2023\/08\/IMG_20230708_083548-min-1-1024x768.jpg 1024w, https:\/\/estado29.mx\/wp-content\/uploads\/2023\/08\/IMG_20230708_083548-min-1-768x576.jpg 768w, https:\/\/estado29.mx\/wp-content\/uploads\/2023\/08\/IMG_20230708_083548-min-1-1536x1152.jpg 1536w, https:\/\/estado29.mx\/wp-content\/uploads\/2023\/08\/IMG_20230708_083548-min-1-2048x1536.jpg 2048w, https:\/\/estado29.mx\/wp-content\/uploads\/2023\/08\/IMG_20230708_083548-min-1-750x563.jpg 750w, https:\/\/estado29.mx\/wp-content\/uploads\/2023\/08\/IMG_20230708_083548-min-1-1140x855.jpg 1140w\" sizes=\"auto, (max-width: 2560px) 100vw, 2560px\" \/><\/figure>","protected":false},"excerpt":{"rendered":"<p>Mada\u00ed P\u00e9rez Carrillo, Directora General del Instituto del Deporte de Estado de Tlaxcala, refiri\u00f3 que los tlaxcalatecas debemos sentirnos orgullosos de que el Campeonato Mundial de Voleibol de Playa, se realice en el Estado \u201cestamos muy contentos, yo creo que todos como tlaxcaltecas debemos sentirnos orgullosos, de ser seleccionados, por el mundo para recibir, este [&hellip;]<\/p>\n","protected":false},"author":7,"featured_media":87497,"comment_status":"open","ping_status":"open","sticky":false,"template":"","format":"standard","meta":{"om_disable_all_campaigns":false,"_monsterinsights_skip_tracking":false,"_monsterinsights_sitenote_active":false,"_monsterinsights_sitenote_note":"","_monsterinsights_sitenote_category":0,"jnews-multi-image_gallery":[],"jnews_single_post":{"subtitle":"","format":"standard","video":"","gallery":"","source_name":"","source_url":"","via_name":"","via_url":"","override_template":"0","override":[{"template":"1","single_blog_custom":"","parallax":"1","fullscreen":"1","layout":"right-sidebar","sidebar":"default-sidebar","second_sidebar":"default-sidebar","sticky_sidebar":"1","share_position":"top","share_float_style":"share-monocrhome","show_share_counter":"1","show_view_counter":"1","show_featured":"1","show_post_meta":"1","show_post_author":"1","show_post_author_image":"1","show_post_date":"1","post_date_format":"default","post_date_format_custom":"Y\/m\/d","show_post_category":"1","show_post_reading_time":"0","post_reading_time_wpm":"300","show_zoom_button":"0","zoom_button_out_step":"2","zoom_button_in_step":"3","show_post_tag":"1","show_prev_next_post":"1","show_popup_post":"1","number_popup_post":"1","show_author_box":"1","show_post_related":"0","show_inline_post_related":"0"}],"override_image_size":"0","image_override":[{"single_post_thumbnail_size":"crop-500","single_post_gallery_size":"crop-500"}],"trending_post":"0","trending_post_position":"meta","trending_post_label":"Trending","sponsored_post":"0","sponsored_post_label":"Sponsored by","sponsored_post_name":"","sponsored_post_url":"","sponsored_post_logo_enable":"0","sponsored_post_logo":"","sponsored_post_desc":"","disable_ad":"0"},"jnews_primary_category":{"id":""},"footnotes":""},"categories":[1],"tags":[],"class_list":["post-87544","post","type-post","status-publish","format-standard","has-post-thumbnail","hentry","category-uncategorized"],"aioseo_notices":[],"_links":{"self":[{"href":"https:\/\/estado29.mx\/index.php?rest_route=\/wp\/v2\/posts\/87544","targetHints":{"allow":["GET"]}}],"collection":[{"href":"https:\/\/estado29.mx\/index.php?rest_route=\/wp\/v2\/posts"}],"about":[{"href":"https:\/\/estado29.mx\/index.php?rest_route=\/wp\/v2\/types\/post"}],"author":[{"embeddable":true,"href":"https:\/\/estado29.mx\/index.php?rest_route=\/wp\/v2\/users\/7"}],"replies":[{"embeddable":true,"href":"https:\/\/estado29.mx\/index.php?rest_route=%2Fwp%2Fv2%2Fcomments&post=87544"}],"version-history":[{"count":1,"href":"https:\/\/estado29.mx\/index.php?rest_route=\/wp\/v2\/posts\/87544\/revisions"}],"predecessor-version":[{"id":87545,"href":"https:\/\/estado29.mx\/index.php?rest_route=\/wp\/v2\/posts\/87544\/revisions\/87545"}],"wp:featuredmedia":[{"embeddable":true,"href":"https:\/\/estado29.mx\/index.php?rest_route=\/wp\/v2\/media\/87497"}],"wp:attachment":[{"href":"https:\/\/estado29.mx\/index.php?rest_route=%2Fwp%2Fv2%2Fmedia&parent=87544"}],"wp:term":[{"taxonomy":"category","embeddable":true,"href":"https:\/\/estado29.mx\/index.php?rest_route=%2Fwp%2Fv2%2Fcategories&post=87544"},{"taxonomy":"post_tag","embeddable":true,"href":"https:\/\/estado29.mx\/index.php?rest_route=%2Fwp%2Fv2%2Ftags&post=87544"}],"curies":[{"name":"wp","href":"https:\/\/api.w.org\/{rel}","templated":true}]}}