{"id":87548,"date":"2023-08-09T19:01:56","date_gmt":"2023-08-09T19:01:56","guid":{"rendered":"https:\/\/estado29.mx\/?p=87548"},"modified":"2023-08-09T19:01:58","modified_gmt":"2023-08-09T19:01:58","slug":"sera-puebla-sede-del-sexto-congreso-internacional-de-administracion-y-ciencias-aplicadas-al-deporte","status":"publish","type":"post","link":"https:\/\/estado29.mx\/?p=87548","title":{"rendered":"Ser\u00e1 Puebla sede del Sexto Congreso Internacional de Administraci\u00f3n y Ciencias Aplicadas al Deporte."},"content":{"rendered":"\n<p>Yadira Lira Navarro, Directora General del Instituto Poblano del Deporte, mencion\u00f3 que el Estado ser\u00e1 sede del Sexto Congreso Internacional de Administraci\u00f3n y Ciencias Aplicadas al Deporte, denominado Deportes Puebla 2023 \u201cel pa\u00eds tiene m\u00e1s eventos importantes en esta materia, como lo es, el Sexto Congreso Internacional de Administraci\u00f3n y Ciencias Aplicadas al Deporte, denominado, Deportes Puebla 2023\u201d.<\/p>\n\n\n\n<p><br>Asimismo, coment\u00f3 que otro de los eventos que se llevar\u00e1n a cabo en el Estado es el Marat\u00f3n Puebla 2023\u201cadem\u00e1s de celebrar la fiesta, deportiva m\u00e1s esperada, del a\u00f1o, el Marat\u00f3n de Puebla 2023, a los cuales, les damos la m\u00e1s cordial invitaci\u00f3n, por favor que nos acompa\u00f1en, a estos eventos, para seguir siendo comunidad, seguir haciendo equipo\u201d.<\/p>\n\n\n\n<p><br>Subray\u00f3 que el actual Gobierno, seguir\u00e1 poniendo en marcha proyectos y mejoras en el tema deportivo \u201cpara finalizar, subrayo que este gobierno presente, seguir\u00e1 poniendo en marcha proyectos y mejoras en materia deportiva, ya que como se ha mencionado, no solo contribuye al bienestar social sino, amplifica, distintos sectores y crea una importante demanda econ\u00f3mica, en nuestra entidad a trav\u00e9s del turismo deportivo, es estrat\u00e9gico, que genera bienestar, incita y favorece el desarrollo del estado\u201d.<\/p>\n\n\n<figure class=\"wp-block-post-featured-image\"><img loading=\"lazy\" decoding=\"async\" width=\"600\" height=\"408\" src=\"https:\/\/estado29.mx\/wp-content\/uploads\/2023\/08\/images-8.jpeg\" class=\"attachment-post-thumbnail size-post-thumbnail wp-post-image\" alt=\"\" style=\"object-fit:cover;\" srcset=\"https:\/\/estado29.mx\/wp-content\/uploads\/2023\/08\/images-8.jpeg 600w, https:\/\/estado29.mx\/wp-content\/uploads\/2023\/08\/images-8-300x204.jpeg 300w\" sizes=\"auto, (max-width: 600px) 100vw, 600px\" \/><\/figure>","protected":false},"excerpt":{"rendered":"<p>Yadira Lira Navarro, Directora General del Instituto Poblano del Deporte, mencion\u00f3 que el Estado ser\u00e1 sede del Sexto Congreso Internacional de Administraci\u00f3n y Ciencias Aplicadas al Deporte, denominado Deportes Puebla 2023 \u201cel pa\u00eds tiene m\u00e1s eventos importantes en esta materia, como lo es, el Sexto Congreso Internacional de Administraci\u00f3n y Ciencias Aplicadas al Deporte, denominado, [&hellip;]<\/p>\n","protected":false},"author":7,"featured_media":87549,"comment_status":"open","ping_status":"open","sticky":false,"template":"","format":"standard","meta":{"om_disable_all_campaigns":false,"_monsterinsights_skip_tracking":false,"_monsterinsights_sitenote_active":false,"_monsterinsights_sitenote_note":"","_monsterinsights_sitenote_category":0,"jnews-multi-image_gallery":[],"jnews_single_post":{"subtitle":"","format":"standard","video":"","gallery":"","source_name":"","source_url":"","via_name":"","via_url":"","override_template":"0","override":[{"template":"1","single_blog_custom":"","parallax":"1","fullscreen":"1","layout":"right-sidebar","sidebar":"default-sidebar","second_sidebar":"default-sidebar","sticky_sidebar":"1","share_position":"top","share_float_style":"share-monocrhome","show_share_counter":"1","show_view_counter":"1","show_featured":"1","show_post_meta":"1","show_post_author":"1","show_post_author_image":"1","show_post_date":"1","post_date_format":"default","post_date_format_custom":"Y\/m\/d","show_post_category":"1","show_post_reading_time":"0","post_reading_time_wpm":"300","show_zoom_button":"0","zoom_button_out_step":"2","zoom_button_in_step":"3","show_post_tag":"1","show_prev_next_post":"1","show_popup_post":"1","number_popup_post":"1","show_author_box":"1","show_post_related":"0","show_inline_post_related":"0"}],"override_image_size":"0","image_override":[{"single_post_thumbnail_size":"crop-500","single_post_gallery_size":"crop-500"}],"trending_post":"0","trending_post_position":"meta","trending_post_label":"Trending","sponsored_post":"0","sponsored_post_label":"Sponsored by","sponsored_post_name":"","sponsored_post_url":"","sponsored_post_logo_enable":"0","sponsored_post_logo":"","sponsored_post_desc":"","disable_ad":"0"},"jnews_primary_category":{"id":""},"footnotes":""},"categories":[1],"tags":[],"class_list":["post-87548","post","type-post","status-publish","format-standard","has-post-thumbnail","hentry","category-uncategorized"],"aioseo_notices":[],"_links":{"self":[{"href":"https:\/\/estado29.mx\/index.php?rest_route=\/wp\/v2\/posts\/87548","targetHints":{"allow":["GET"]}}],"collection":[{"href":"https:\/\/estado29.mx\/index.php?rest_route=\/wp\/v2\/posts"}],"about":[{"href":"https:\/\/estado29.mx\/index.php?rest_route=\/wp\/v2\/types\/post"}],"author":[{"embeddable":true,"href":"https:\/\/estado29.mx\/index.php?rest_route=\/wp\/v2\/users\/7"}],"replies":[{"embeddable":true,"href":"https:\/\/estado29.mx\/index.php?rest_route=%2Fwp%2Fv2%2Fcomments&post=87548"}],"version-history":[{"count":1,"href":"https:\/\/estado29.mx\/index.php?rest_route=\/wp\/v2\/posts\/87548\/revisions"}],"predecessor-version":[{"id":87550,"href":"https:\/\/estado29.mx\/index.php?rest_route=\/wp\/v2\/posts\/87548\/revisions\/87550"}],"wp:featuredmedia":[{"embeddable":true,"href":"https:\/\/estado29.mx\/index.php?rest_route=\/wp\/v2\/media\/87549"}],"wp:attachment":[{"href":"https:\/\/estado29.mx\/index.php?rest_route=%2Fwp%2Fv2%2Fmedia&parent=87548"}],"wp:term":[{"taxonomy":"category","embeddable":true,"href":"https:\/\/estado29.mx\/index.php?rest_route=%2Fwp%2Fv2%2Fcategories&post=87548"},{"taxonomy":"post_tag","embeddable":true,"href":"https:\/\/estado29.mx\/index.php?rest_route=%2Fwp%2Fv2%2Ftags&post=87548"}],"curies":[{"name":"wp","href":"https:\/\/api.w.org\/{rel}","templated":true}]}}