{"id":87557,"date":"2023-08-10T15:52:19","date_gmt":"2023-08-10T15:52:19","guid":{"rendered":"https:\/\/estado29.mx\/?p=87557"},"modified":"2023-08-10T15:52:20","modified_gmt":"2023-08-10T15:52:20","slug":"entregan-obra-de-alcantarillado-en-tequexquitla","status":"publish","type":"post","link":"https:\/\/estado29.mx\/?p=87557","title":{"rendered":"Entregan obra de alcantarillado en Tequexquitla."},"content":{"rendered":"\n<p>Como parte de las acciones que se realizan a trav\u00e9s del Ayuntamiento de El Carmen Tequexquitla, en esta ocasi\u00f3n, se entreg\u00f3 la obra de ampliaci\u00f3n de red de alcantarillado, en la Comunidad Soledad.<\/p>\n\n\n\n<figure class=\"wp-block-image size-full\"><img loading=\"lazy\" decoding=\"async\" width=\"720\" height=\"383\" src=\"https:\/\/estado29.mx\/wp-content\/uploads\/2023\/08\/FB_IMG_16916097759962.jpg\" alt=\"\" class=\"wp-image-87559\" srcset=\"https:\/\/estado29.mx\/wp-content\/uploads\/2023\/08\/FB_IMG_16916097759962.jpg 720w, https:\/\/estado29.mx\/wp-content\/uploads\/2023\/08\/FB_IMG_16916097759962-300x160.jpg 300w\" sizes=\"auto, (max-width: 720px) 100vw, 720px\" \/><\/figure>\n\n\n\n<p><br>En este sentido, es importante mencionar que dicha obra se realiz\u00f3 en cuatro puntos de la localidad, la primera el Calle sin Nombre, la segunda en Carretera Federal El Carmen &#8211; la Soledad, la tercera en Calle La Paz y la \u00faltima en Miguel Valadez, teniendo un total de 770 metros de tuber\u00eda instalada.<\/p>\n\n\n\n<p><br>La Alcaldesa, Mar\u00eda Araceli Mart\u00ednez Cortez detall\u00f3 que a trav\u00e9s de dichas acciones, se mejora de calidad de vida de los habitantes.<\/p>\n\n\n<figure class=\"wp-block-post-featured-image\"><img loading=\"lazy\" decoding=\"async\" width=\"720\" height=\"376\" src=\"https:\/\/estado29.mx\/wp-content\/uploads\/2023\/08\/FB_IMG_16916097712282.jpg\" class=\"attachment-post-thumbnail size-post-thumbnail wp-post-image\" alt=\"\" style=\"object-fit:cover;\" srcset=\"https:\/\/estado29.mx\/wp-content\/uploads\/2023\/08\/FB_IMG_16916097712282.jpg 720w, https:\/\/estado29.mx\/wp-content\/uploads\/2023\/08\/FB_IMG_16916097712282-300x157.jpg 300w\" sizes=\"auto, (max-width: 720px) 100vw, 720px\" \/><\/figure>\n\n\n<p><br>Durante el corte de list\u00f3n inaugural, los vecinos externaron su agradecimiento por la obra que durante a\u00f1os, se hab\u00eda solicitado sin tener respuesta alguna.<\/p>\n","protected":false},"excerpt":{"rendered":"<p>Como parte de las acciones que se realizan a trav\u00e9s del Ayuntamiento de El Carmen Tequexquitla, en esta ocasi\u00f3n, se entreg\u00f3 la obra de ampliaci\u00f3n de red de alcantarillado, en la Comunidad Soledad. En este sentido, es importante mencionar que dicha obra se realiz\u00f3 en cuatro puntos de la localidad, la primera el Calle sin [&hellip;]<\/p>\n","protected":false},"author":7,"featured_media":87558,"comment_status":"open","ping_status":"open","sticky":false,"template":"","format":"standard","meta":{"om_disable_all_campaigns":false,"_monsterinsights_skip_tracking":false,"_monsterinsights_sitenote_active":false,"_monsterinsights_sitenote_note":"","_monsterinsights_sitenote_category":0,"jnews-multi-image_gallery":[],"jnews_single_post":{"subtitle":"","format":"standard","video":"","gallery":"","source_name":"","source_url":"","via_name":"","via_url":"","override_template":"0","override":[{"template":"1","single_blog_custom":"","parallax":"1","fullscreen":"1","layout":"right-sidebar","sidebar":"default-sidebar","second_sidebar":"default-sidebar","sticky_sidebar":"1","share_position":"top","share_float_style":"share-monocrhome","show_share_counter":"1","show_view_counter":"1","show_featured":"1","show_post_meta":"1","show_post_author":"1","show_post_author_image":"1","show_post_date":"1","post_date_format":"default","post_date_format_custom":"Y\/m\/d","show_post_category":"1","show_post_reading_time":"0","post_reading_time_wpm":"300","show_zoom_button":"0","zoom_button_out_step":"2","zoom_button_in_step":"3","show_post_tag":"1","show_prev_next_post":"1","show_popup_post":"1","number_popup_post":"1","show_author_box":"1","show_post_related":"0","show_inline_post_related":"0"}],"override_image_size":"0","image_override":[{"single_post_thumbnail_size":"crop-500","single_post_gallery_size":"crop-500"}],"trending_post":"0","trending_post_position":"meta","trending_post_label":"Trending","sponsored_post":"0","sponsored_post_label":"Sponsored by","sponsored_post_name":"","sponsored_post_url":"","sponsored_post_logo_enable":"0","sponsored_post_logo":"","sponsored_post_desc":"","disable_ad":"0"},"jnews_primary_category":{"id":""},"footnotes":""},"categories":[1],"tags":[],"class_list":["post-87557","post","type-post","status-publish","format-standard","has-post-thumbnail","hentry","category-uncategorized"],"aioseo_notices":[],"_links":{"self":[{"href":"https:\/\/estado29.mx\/index.php?rest_route=\/wp\/v2\/posts\/87557","targetHints":{"allow":["GET"]}}],"collection":[{"href":"https:\/\/estado29.mx\/index.php?rest_route=\/wp\/v2\/posts"}],"about":[{"href":"https:\/\/estado29.mx\/index.php?rest_route=\/wp\/v2\/types\/post"}],"author":[{"embeddable":true,"href":"https:\/\/estado29.mx\/index.php?rest_route=\/wp\/v2\/users\/7"}],"replies":[{"embeddable":true,"href":"https:\/\/estado29.mx\/index.php?rest_route=%2Fwp%2Fv2%2Fcomments&post=87557"}],"version-history":[{"count":1,"href":"https:\/\/estado29.mx\/index.php?rest_route=\/wp\/v2\/posts\/87557\/revisions"}],"predecessor-version":[{"id":87560,"href":"https:\/\/estado29.mx\/index.php?rest_route=\/wp\/v2\/posts\/87557\/revisions\/87560"}],"wp:featuredmedia":[{"embeddable":true,"href":"https:\/\/estado29.mx\/index.php?rest_route=\/wp\/v2\/media\/87558"}],"wp:attachment":[{"href":"https:\/\/estado29.mx\/index.php?rest_route=%2Fwp%2Fv2%2Fmedia&parent=87557"}],"wp:term":[{"taxonomy":"category","embeddable":true,"href":"https:\/\/estado29.mx\/index.php?rest_route=%2Fwp%2Fv2%2Fcategories&post=87557"},{"taxonomy":"post_tag","embeddable":true,"href":"https:\/\/estado29.mx\/index.php?rest_route=%2Fwp%2Fv2%2Ftags&post=87557"}],"curies":[{"name":"wp","href":"https:\/\/api.w.org\/{rel}","templated":true}]}}