{"id":87573,"date":"2023-08-11T19:09:05","date_gmt":"2023-08-11T19:09:05","guid":{"rendered":"https:\/\/estado29.mx\/?p=87573"},"modified":"2023-08-11T19:09:06","modified_gmt":"2023-08-11T19:09:06","slug":"brindara-briasa-huamantla-atencion-a-ciudadania-en-periodo-de-feria","status":"publish","type":"post","link":"https:\/\/estado29.mx\/?p=87573","title":{"rendered":"Brindar\u00e1 BRIASA Huamantla atenci\u00f3n a ciudadan\u00eda en periodo de feria."},"content":{"rendered":"\n<p>El Secretario de la Brigada de Auxilio y Salvamento (BRIASA), Delegaci\u00f3n Huamantla, Gerardo Espinoza Jim\u00e9nez, manifest\u00f3 que la corporaci\u00f3n, en el presente periodo, de la Feria del Arte Ef\u00edmero y la Dalia Huamantla 2023, a pesar de que la corporaci\u00f3n no fue contemplada, para apoyar en los eventos dentro del marco de esta celebraci\u00f3n, contin\u00faan brindando atenci\u00f3n ciudadana \u201cpues si, como nos manifest\u00e1bamos, no \u00edbamos a acudir a ning\u00fan evento dentro de la feria, pero eso no opta para que en las carreteras se sigan cubriendo servicios, como hab\u00edamos acordado, como se acord\u00f3 en el Consejo Directivo\u201d.<\/p>\n\n\n\n<p><br>Agreg\u00f3 que se brindar\u00e1 atenci\u00f3n \u00fanicamente en las carreteras que convergen al municipio \u201cse va a seguir prestando el servicio \u00fanicamente en las carreteras que circunvan, o que convergen de alguna forma, al municipio de Huamantla\u201d.<\/p>\n\n\n<figure class=\"wp-block-post-featured-image\"><img loading=\"lazy\" decoding=\"async\" width=\"678\" height=\"452\" src=\"https:\/\/estado29.mx\/wp-content\/uploads\/2023\/05\/images.jpeg\" class=\"attachment-post-thumbnail size-post-thumbnail wp-post-image\" alt=\"\" style=\"object-fit:cover;\" srcset=\"https:\/\/estado29.mx\/wp-content\/uploads\/2023\/05\/images.jpeg 678w, https:\/\/estado29.mx\/wp-content\/uploads\/2023\/05\/images-300x200.jpeg 300w\" sizes=\"auto, (max-width: 678px) 100vw, 678px\" \/><\/figure>\n\n\n<p><br>Para finalizar, hizo la invitaci\u00f3n a la ciudadan\u00eda en general a extremar precauciones \u201cpues que extremen sus precauciones, mire ahorita una de nuestras unidades acaba de salir a cubrir un servicio, creo que m\u00e1s bien las ca\u00eddas o golpes de calor nos est\u00e1n pegando fuerte, pues que extremen sus precauciones, que procuren hidratarse bien y sobre todo, si son personas adultas, pues que no salgan, porque creo que los golpes de calor nos est\u00e1n afectando en este municipio de Huamantla\u201d.<\/p>\n","protected":false},"excerpt":{"rendered":"<p>El Secretario de la Brigada de Auxilio y Salvamento (BRIASA), Delegaci\u00f3n Huamantla, Gerardo Espinoza Jim\u00e9nez, manifest\u00f3 que la corporaci\u00f3n, en el presente periodo, de la Feria del Arte Ef\u00edmero y la Dalia Huamantla 2023, a pesar de que la corporaci\u00f3n no fue contemplada, para apoyar en los eventos dentro del marco de esta celebraci\u00f3n, contin\u00faan [&hellip;]<\/p>\n","protected":false},"author":7,"featured_media":86418,"comment_status":"open","ping_status":"open","sticky":false,"template":"","format":"standard","meta":{"om_disable_all_campaigns":false,"_monsterinsights_skip_tracking":false,"_monsterinsights_sitenote_active":false,"_monsterinsights_sitenote_note":"","_monsterinsights_sitenote_category":0,"jnews-multi-image_gallery":[],"jnews_single_post":{"subtitle":"","format":"standard","video":"","gallery":"","source_name":"","source_url":"","via_name":"","via_url":"","override_template":"0","override":[{"template":"1","single_blog_custom":"","parallax":"1","fullscreen":"1","layout":"right-sidebar","sidebar":"default-sidebar","second_sidebar":"default-sidebar","sticky_sidebar":"1","share_position":"top","share_float_style":"share-monocrhome","show_share_counter":"1","show_view_counter":"1","show_featured":"1","show_post_meta":"1","show_post_author":"1","show_post_author_image":"1","show_post_date":"1","post_date_format":"default","post_date_format_custom":"Y\/m\/d","show_post_category":"1","show_post_reading_time":"0","post_reading_time_wpm":"300","show_zoom_button":"0","zoom_button_out_step":"2","zoom_button_in_step":"3","show_post_tag":"1","show_prev_next_post":"1","show_popup_post":"1","number_popup_post":"1","show_author_box":"1","show_post_related":"0","show_inline_post_related":"0"}],"override_image_size":"0","image_override":[{"single_post_thumbnail_size":"crop-500","single_post_gallery_size":"crop-500"}],"trending_post":"0","trending_post_position":"meta","trending_post_label":"Trending","sponsored_post":"0","sponsored_post_label":"Sponsored by","sponsored_post_name":"","sponsored_post_url":"","sponsored_post_logo_enable":"0","sponsored_post_logo":"","sponsored_post_desc":"","disable_ad":"0"},"jnews_primary_category":{"id":""},"footnotes":""},"categories":[1],"tags":[],"class_list":["post-87573","post","type-post","status-publish","format-standard","has-post-thumbnail","hentry","category-uncategorized"],"aioseo_notices":[],"_links":{"self":[{"href":"https:\/\/estado29.mx\/index.php?rest_route=\/wp\/v2\/posts\/87573","targetHints":{"allow":["GET"]}}],"collection":[{"href":"https:\/\/estado29.mx\/index.php?rest_route=\/wp\/v2\/posts"}],"about":[{"href":"https:\/\/estado29.mx\/index.php?rest_route=\/wp\/v2\/types\/post"}],"author":[{"embeddable":true,"href":"https:\/\/estado29.mx\/index.php?rest_route=\/wp\/v2\/users\/7"}],"replies":[{"embeddable":true,"href":"https:\/\/estado29.mx\/index.php?rest_route=%2Fwp%2Fv2%2Fcomments&post=87573"}],"version-history":[{"count":1,"href":"https:\/\/estado29.mx\/index.php?rest_route=\/wp\/v2\/posts\/87573\/revisions"}],"predecessor-version":[{"id":87574,"href":"https:\/\/estado29.mx\/index.php?rest_route=\/wp\/v2\/posts\/87573\/revisions\/87574"}],"wp:featuredmedia":[{"embeddable":true,"href":"https:\/\/estado29.mx\/index.php?rest_route=\/wp\/v2\/media\/86418"}],"wp:attachment":[{"href":"https:\/\/estado29.mx\/index.php?rest_route=%2Fwp%2Fv2%2Fmedia&parent=87573"}],"wp:term":[{"taxonomy":"category","embeddable":true,"href":"https:\/\/estado29.mx\/index.php?rest_route=%2Fwp%2Fv2%2Fcategories&post=87573"},{"taxonomy":"post_tag","embeddable":true,"href":"https:\/\/estado29.mx\/index.php?rest_route=%2Fwp%2Fv2%2Ftags&post=87573"}],"curies":[{"name":"wp","href":"https:\/\/api.w.org\/{rel}","templated":true}]}}