{"id":87578,"date":"2023-08-14T16:22:41","date_gmt":"2023-08-14T16:22:41","guid":{"rendered":"https:\/\/estado29.mx\/?p=87578"},"modified":"2023-08-14T16:22:42","modified_gmt":"2023-08-14T16:22:42","slug":"rescata-ssc-a-dos-hombres-extraviados-en-la-malinche","status":"publish","type":"post","link":"https:\/\/estado29.mx\/?p=87578","title":{"rendered":"Rescata SSC a dos hombres extraviados en la Malinche."},"content":{"rendered":"\n<p>*Tras la valoraci\u00f3n, fueron reportados como estables de salud.<\/p>\n\n\n\n<p>La Polic\u00eda de Monta\u00f1a, adscrita a la Secretar\u00eda de Seguridad Ciudadana (SSC), rescat\u00f3 a dos j\u00f3venes excursionistas, quienes fueron reportados como extraviados en el \u00e1rea protegida del Parque Nacional Malinche (PNM).<\/p>\n\n\n\n<p>Un reporte al Servicio de Emergencias 9-1-1 dio de conocimiento a elementos estatales sobre la desaparici\u00f3n de dos masculinos, uno identificado como Manuel N., de 27 a\u00f1os y el segundo de nombre Juan N., de 16 a\u00f1os de edad, ambos residentes de la comunidad de San Isidro Buensuceso, municipio de San Pablo del Monte.<\/p>\n\n\n\n<p>Ante ello, la Polic\u00eda de Monta\u00f1a implement\u00f3 de inmediato un operativo de b\u00fasqueda, localizaci\u00f3n y rescate en las distintas \u00e1reas naturales de la monta\u00f1a, a trav\u00e9s de recorridos pie tierra y con el uso de unidades y cuatrimotos.<\/p>\n\n\n\n<p>Tras la pronta intervenci\u00f3n, los elementos estatales hicieron contacto con Manuel N. y Juan N. a la altura del camino 11 del Parque Nacional Malinche, quienes se identificaron plenamente y confirmaron que se encontraban extraviados.<\/p>\n\n\n\n<p>Acto seguido, la Polic\u00eda de Monta\u00f1a brind\u00f3 las primeras atenciones a ambos masculinos, ya que mostraban indicios de encontrarse deshidratados, pero tras una revisi\u00f3n fueron reportados bien f\u00edsicamente.<\/p>\n\n\n\n<p>Finalmente, los masculinos fueron trasladados a la Caseta 1 de la Secretar\u00eda del Medio Ambiente, donde fueron entregados a sus familiares y finalmente se retiraron del sitio.<\/p>\n\n\n\n<p>La SSC refrenda su compromiso de salvaguardar la integridad f\u00edsica de todas y todos los tlaxcaltecas, adem\u00e1s de los turistas que se encuentren en una situaci\u00f3n de riesgo.<\/p>\n","protected":false},"excerpt":{"rendered":"<p>*Tras la valoraci\u00f3n, fueron reportados como estables de salud. La Polic\u00eda de Monta\u00f1a, adscrita a la Secretar\u00eda de Seguridad Ciudadana (SSC), rescat\u00f3 a dos j\u00f3venes excursionistas, quienes fueron reportados como extraviados en el \u00e1rea protegida del Parque Nacional Malinche (PNM). Un reporte al Servicio de Emergencias 9-1-1 dio de conocimiento a elementos estatales sobre la [&hellip;]<\/p>\n","protected":false},"author":4,"featured_media":87579,"comment_status":"open","ping_status":"open","sticky":false,"template":"","format":"standard","meta":{"om_disable_all_campaigns":false,"_monsterinsights_skip_tracking":false,"_monsterinsights_sitenote_active":false,"_monsterinsights_sitenote_note":"","_monsterinsights_sitenote_category":0,"jnews-multi-image_gallery":[],"jnews_single_post":{"subtitle":"","format":"standard","video":"","gallery":"","source_name":"","source_url":"","via_name":"","via_url":"","override_template":"0","override":[{"template":"1","single_blog_custom":"","parallax":"1","fullscreen":"1","layout":"right-sidebar","sidebar":"default-sidebar","second_sidebar":"default-sidebar","sticky_sidebar":"1","share_position":"top","share_float_style":"share-monocrhome","show_share_counter":"1","show_view_counter":"1","show_featured":"1","show_post_meta":"1","show_post_author":"1","show_post_author_image":"1","show_post_date":"1","post_date_format":"default","post_date_format_custom":"Y\/m\/d","show_post_category":"1","show_post_reading_time":"0","post_reading_time_wpm":"300","show_zoom_button":"0","zoom_button_out_step":"2","zoom_button_in_step":"3","show_post_tag":"1","show_prev_next_post":"1","show_popup_post":"1","number_popup_post":"1","show_author_box":"1","show_post_related":"0","show_inline_post_related":"0"}],"override_image_size":"0","image_override":[{"single_post_thumbnail_size":"crop-500","single_post_gallery_size":"crop-500"}],"trending_post":"0","trending_post_position":"meta","trending_post_label":"Trending","sponsored_post":"0","sponsored_post_label":"Sponsored by","sponsored_post_name":"","sponsored_post_url":"","sponsored_post_logo_enable":"0","sponsored_post_logo":"","sponsored_post_desc":"","disable_ad":"0"},"jnews_primary_category":{"id":""},"footnotes":""},"categories":[52,47,1],"tags":[110,119,118,96],"class_list":["post-87578","post","type-post","status-publish","format-standard","has-post-thumbnail","hentry","category-gobierno-de-tlaxcala","category-municipios","category-uncategorized","tag-municipios","tag-seguridad","tag-ssc","tag-tlaxcala"],"aioseo_notices":[],"_links":{"self":[{"href":"https:\/\/estado29.mx\/index.php?rest_route=\/wp\/v2\/posts\/87578","targetHints":{"allow":["GET"]}}],"collection":[{"href":"https:\/\/estado29.mx\/index.php?rest_route=\/wp\/v2\/posts"}],"about":[{"href":"https:\/\/estado29.mx\/index.php?rest_route=\/wp\/v2\/types\/post"}],"author":[{"embeddable":true,"href":"https:\/\/estado29.mx\/index.php?rest_route=\/wp\/v2\/users\/4"}],"replies":[{"embeddable":true,"href":"https:\/\/estado29.mx\/index.php?rest_route=%2Fwp%2Fv2%2Fcomments&post=87578"}],"version-history":[{"count":1,"href":"https:\/\/estado29.mx\/index.php?rest_route=\/wp\/v2\/posts\/87578\/revisions"}],"predecessor-version":[{"id":87580,"href":"https:\/\/estado29.mx\/index.php?rest_route=\/wp\/v2\/posts\/87578\/revisions\/87580"}],"wp:featuredmedia":[{"embeddable":true,"href":"https:\/\/estado29.mx\/index.php?rest_route=\/wp\/v2\/media\/87579"}],"wp:attachment":[{"href":"https:\/\/estado29.mx\/index.php?rest_route=%2Fwp%2Fv2%2Fmedia&parent=87578"}],"wp:term":[{"taxonomy":"category","embeddable":true,"href":"https:\/\/estado29.mx\/index.php?rest_route=%2Fwp%2Fv2%2Fcategories&post=87578"},{"taxonomy":"post_tag","embeddable":true,"href":"https:\/\/estado29.mx\/index.php?rest_route=%2Fwp%2Fv2%2Ftags&post=87578"}],"curies":[{"name":"wp","href":"https:\/\/api.w.org\/{rel}","templated":true}]}}