{"id":87593,"date":"2023-08-14T16:53:14","date_gmt":"2023-08-14T16:53:14","guid":{"rendered":"https:\/\/estado29.mx\/?p=87593"},"modified":"2023-08-14T16:53:17","modified_gmt":"2023-08-14T16:53:17","slug":"todo-listo-para-la-noche-que-nadie-duerme","status":"publish","type":"post","link":"https:\/\/estado29.mx\/?p=87593","title":{"rendered":"Todo listo para la Noche que Nadie Duerme"},"content":{"rendered":"\n<p><a href=\"https:\/\/www.facebook.com\/hashtag\/familia?__eep__=6&amp;__cft__[0]=AZV7_QFk881tadye_AO4Q1rZvlw88LsK8Muvhpwib58BYXt7a4moVZdW7zPoYvk-j2HEgmCyU_s18Lo6Z-5C7XvR-hHGBGXcPvoxVKoesnT-p7M8PLSFgQglHQ6q_7hceMyxXZo9wgm_kzc_FQcDGUxA0UusRU7YND7izoIn-E_WWzuctZjJRO8bRvAzCp5_agQ&amp;__tn__=*NK-R\">#Familia<\/a> Soler Amador, <a href=\"https:\/\/www.facebook.com\/hashtag\/todo?__eep__=6&amp;__cft__[0]=AZV7_QFk881tadye_AO4Q1rZvlw88LsK8Muvhpwib58BYXt7a4moVZdW7zPoYvk-j2HEgmCyU_s18Lo6Z-5C7XvR-hHGBGXcPvoxVKoesnT-p7M8PLSFgQglHQ6q_7hceMyxXZo9wgm_kzc_FQcDGUxA0UusRU7YND7izoIn-E_WWzuctZjJRO8bRvAzCp5_agQ&amp;__tn__=*NK-R\">#todo<\/a> listo en el atrio de la Bas\u00edlica de la Virgen de la Caridad en el municipio de <a href=\"https:\/\/www.facebook.com\/hashtag\/huamantla?__eep__=6&amp;__cft__[0]=AZV7_QFk881tadye_AO4Q1rZvlw88LsK8Muvhpwib58BYXt7a4moVZdW7zPoYvk-j2HEgmCyU_s18Lo6Z-5C7XvR-hHGBGXcPvoxVKoesnT-p7M8PLSFgQglHQ6q_7hceMyxXZo9wgm_kzc_FQcDGUxA0UusRU7YND7izoIn-E_WWzuctZjJRO8bRvAzCp5_agQ&amp;__tn__=*NK-R\">#Huamantla<\/a>, el carrito que tradicionalmente transporta a la imagen cada Noche que <a href=\"https:\/\/www.facebook.com\/hashtag\/nadie?__eep__=6&amp;__cft__[0]=AZV7_QFk881tadye_AO4Q1rZvlw88LsK8Muvhpwib58BYXt7a4moVZdW7zPoYvk-j2HEgmCyU_s18Lo6Z-5C7XvR-hHGBGXcPvoxVKoesnT-p7M8PLSFgQglHQ6q_7hceMyxXZo9wgm_kzc_FQcDGUxA0UusRU7YND7izoIn-E_WWzuctZjJRO8bRvAzCp5_agQ&amp;__tn__=*NK-R\">#Nadie<\/a> Duerme.<\/p>\n\n\n\n<p>El dise\u00f1o de este a\u00f1o, es la Antigua Bas\u00edlica de Guadalupe en la capital del pa\u00eds, siendo un edificio de finales del siglo XVII, obra del arquitecto Pedro de Arrieta, la construcci\u00f3n se inici\u00f3 en 1695 y en 1709 se abrieron sus puertas pese a no ser ced\u00e9 catedralicia y <a><\/a>adquiri\u00f3 el t\u00edtulo de colegiata , lo que le permite tener en abad y Cabildo propio.<\/p>\n\n\n\n<p>La fachada es de gran belleza con cuatro torres octagonales y sus esquinas ornamentadas con sus mosaicos de azulejos de Talavera <img loading=\"lazy\" decoding=\"async\" height=\"16\" width=\"16\" alt=\"\ud83d\ude4f\" src=\"https:\/\/static.xx.fbcdn.net\/images\/emoji.php\/v9\/td9\/1.5\/16\/1f64f.png\"><\/p>\n","protected":false},"excerpt":{"rendered":"<p>#Familia Soler Amador, #todo listo en el atrio de la Bas\u00edlica de la Virgen de la Caridad en el municipio de #Huamantla, el carrito que tradicionalmente transporta a la imagen cada Noche que #Nadie Duerme. El dise\u00f1o de este a\u00f1o, es la Antigua Bas\u00edlica de Guadalupe en la capital del pa\u00eds, siendo un edificio de [&hellip;]<\/p>\n","protected":false},"author":4,"featured_media":87594,"comment_status":"open","ping_status":"open","sticky":false,"template":"","format":"standard","meta":{"om_disable_all_campaigns":false,"_monsterinsights_skip_tracking":false,"_monsterinsights_sitenote_active":false,"_monsterinsights_sitenote_note":"","_monsterinsights_sitenote_category":0,"jnews-multi-image_gallery":[],"jnews_single_post":{"subtitle":"","format":"standard","video":"","gallery":"","source_name":"","source_url":"","via_name":"","via_url":"","override_template":"0","override":[{"template":"1","single_blog_custom":"","parallax":"1","fullscreen":"1","layout":"right-sidebar","sidebar":"default-sidebar","second_sidebar":"default-sidebar","sticky_sidebar":"1","share_position":"top","share_float_style":"share-monocrhome","show_share_counter":"1","show_view_counter":"1","show_featured":"1","show_post_meta":"1","show_post_author":"1","show_post_author_image":"1","show_post_date":"1","post_date_format":"default","post_date_format_custom":"Y\/m\/d","show_post_category":"1","show_post_reading_time":"0","post_reading_time_wpm":"300","show_zoom_button":"0","zoom_button_out_step":"2","zoom_button_in_step":"3","show_post_tag":"1","show_prev_next_post":"1","show_popup_post":"1","number_popup_post":"1","show_author_box":"1","show_post_related":"0","show_inline_post_related":"0"}],"override_image_size":"0","image_override":[{"single_post_thumbnail_size":"crop-500","single_post_gallery_size":"crop-500"}],"trending_post":"0","trending_post_position":"meta","trending_post_label":"Trending","sponsored_post":"0","sponsored_post_label":"Sponsored by","sponsored_post_name":"","sponsored_post_url":"","sponsored_post_logo_enable":"0","sponsored_post_logo":"","sponsored_post_desc":"","disable_ad":"0"},"jnews_primary_category":{"id":""},"footnotes":""},"categories":[82,80,43,45,66,47,1],"tags":[110,96],"class_list":["post-87593","post","type-post","status-publish","format-standard","has-post-thumbnail","hentry","category-cultura","category-educacion","category-estado","category-estilo-de-vida","category-huamantla","category-municipios","category-uncategorized","tag-municipios","tag-tlaxcala"],"aioseo_notices":[],"_links":{"self":[{"href":"https:\/\/estado29.mx\/index.php?rest_route=\/wp\/v2\/posts\/87593","targetHints":{"allow":["GET"]}}],"collection":[{"href":"https:\/\/estado29.mx\/index.php?rest_route=\/wp\/v2\/posts"}],"about":[{"href":"https:\/\/estado29.mx\/index.php?rest_route=\/wp\/v2\/types\/post"}],"author":[{"embeddable":true,"href":"https:\/\/estado29.mx\/index.php?rest_route=\/wp\/v2\/users\/4"}],"replies":[{"embeddable":true,"href":"https:\/\/estado29.mx\/index.php?rest_route=%2Fwp%2Fv2%2Fcomments&post=87593"}],"version-history":[{"count":1,"href":"https:\/\/estado29.mx\/index.php?rest_route=\/wp\/v2\/posts\/87593\/revisions"}],"predecessor-version":[{"id":87595,"href":"https:\/\/estado29.mx\/index.php?rest_route=\/wp\/v2\/posts\/87593\/revisions\/87595"}],"wp:featuredmedia":[{"embeddable":true,"href":"https:\/\/estado29.mx\/index.php?rest_route=\/wp\/v2\/media\/87594"}],"wp:attachment":[{"href":"https:\/\/estado29.mx\/index.php?rest_route=%2Fwp%2Fv2%2Fmedia&parent=87593"}],"wp:term":[{"taxonomy":"category","embeddable":true,"href":"https:\/\/estado29.mx\/index.php?rest_route=%2Fwp%2Fv2%2Fcategories&post=87593"},{"taxonomy":"post_tag","embeddable":true,"href":"https:\/\/estado29.mx\/index.php?rest_route=%2Fwp%2Fv2%2Ftags&post=87593"}],"curies":[{"name":"wp","href":"https:\/\/api.w.org\/{rel}","templated":true}]}}