{"id":87642,"date":"2023-08-20T20:35:35","date_gmt":"2023-08-20T20:35:35","guid":{"rendered":"https:\/\/estado29.mx\/?p=87642"},"modified":"2023-08-20T20:35:45","modified_gmt":"2023-08-20T20:35:45","slug":"realizan-en-huamantla-exposicion-del-auto-antiguo-y-clasico-en-su-edicion-22","status":"publish","type":"post","link":"https:\/\/estado29.mx\/?p=87642","title":{"rendered":"Realizan en Huamantla exposici\u00f3n del Auto Antiguo y Cl\u00e1sico en su Edici\u00f3n 22."},"content":{"rendered":"\n<p>Este domingo 20 de agosto del a\u00f1o en curso se llev\u00f3 cabo en el Municipio de Huamantla, la Exposici\u00f3n de Auto Antiguo y Cl\u00e1sico, en su edici\u00f3n n\u00famero 22, Gerardo Espinoza Jim\u00e9nez, quien forma parte del grupo organizador del evento, detall\u00f3 que se tuvo la participaci\u00f3n aproximada de 65 veh\u00edculos antiguos, en donde los asistentes al evento, tuvieron la oportunidad de tomarse fotos con ellos \u201csi mire, como organizador del evento del evento del Auto Antiguo y Cl\u00e1sico en su edici\u00f3n veintid\u00f3s, ayer se realiz\u00f3 el evento, aproximadamente tuvimos una participaci\u00f3n de 65 veh\u00edculos, en su mayor\u00eda antig\u00fcitos, viejitos y que la gente tuvo la oportunidad de verlos de cerca, tomarse fotos, cosa que no les permiten en ning\u00fan museo\u201d.<\/p>\n\n\n\n<figure class=\"wp-block-image size-large\"><img loading=\"lazy\" decoding=\"async\" width=\"1024\" height=\"768\" src=\"https:\/\/estado29.mx\/wp-content\/uploads\/2023\/08\/IMG_20230820_120501-min-1024x768.jpg\" alt=\"\" class=\"wp-image-87643\" srcset=\"https:\/\/estado29.mx\/wp-content\/uploads\/2023\/08\/IMG_20230820_120501-min-1024x768.jpg 1024w, https:\/\/estado29.mx\/wp-content\/uploads\/2023\/08\/IMG_20230820_120501-min-300x225.jpg 300w, https:\/\/estado29.mx\/wp-content\/uploads\/2023\/08\/IMG_20230820_120501-min-768x576.jpg 768w, https:\/\/estado29.mx\/wp-content\/uploads\/2023\/08\/IMG_20230820_120501-min-1536x1152.jpg 1536w, https:\/\/estado29.mx\/wp-content\/uploads\/2023\/08\/IMG_20230820_120501-min-2048x1536.jpg 2048w, https:\/\/estado29.mx\/wp-content\/uploads\/2023\/08\/IMG_20230820_120501-min-750x563.jpg 750w, https:\/\/estado29.mx\/wp-content\/uploads\/2023\/08\/IMG_20230820_120501-min-1140x855.jpg 1140w\" sizes=\"auto, (max-width: 1024px) 100vw, 1024px\" \/><\/figure>\n\n\n\n<p><br>En este sentido, Espinoza Jim\u00e9nez resalt\u00f3 que todos los autos que se expusieron en esta ocasi\u00f3n son de colecci\u00f3n, cabe resaltar que en dicha exposici\u00f3n, se tuvo la participaci\u00f3n de veh\u00edculos de Estados como Veracruz, Puebla, Hidalgo y Tlaxcala \u201cac\u00e1 si se les permite que se acerquen a ellos y que se puedan tomar alguna foto, con estos veh\u00edculos de colecci\u00f3n\u201d.<\/p>\n\n\n<figure class=\"wp-block-post-featured-image\"><img loading=\"lazy\" decoding=\"async\" width=\"2560\" height=\"1920\" src=\"https:\/\/estado29.mx\/wp-content\/uploads\/2023\/08\/IMG_20230820_112306-min-scaled.jpg\" class=\"attachment-post-thumbnail size-post-thumbnail wp-post-image\" alt=\"\" style=\"object-fit:cover;\" srcset=\"https:\/\/estado29.mx\/wp-content\/uploads\/2023\/08\/IMG_20230820_112306-min-scaled.jpg 2560w, https:\/\/estado29.mx\/wp-content\/uploads\/2023\/08\/IMG_20230820_112306-min-300x225.jpg 300w, https:\/\/estado29.mx\/wp-content\/uploads\/2023\/08\/IMG_20230820_112306-min-1024x768.jpg 1024w, https:\/\/estado29.mx\/wp-content\/uploads\/2023\/08\/IMG_20230820_112306-min-768x576.jpg 768w, https:\/\/estado29.mx\/wp-content\/uploads\/2023\/08\/IMG_20230820_112306-min-1536x1152.jpg 1536w, https:\/\/estado29.mx\/wp-content\/uploads\/2023\/08\/IMG_20230820_112306-min-2048x1536.jpg 2048w, https:\/\/estado29.mx\/wp-content\/uploads\/2023\/08\/IMG_20230820_112306-min-750x563.jpg 750w, https:\/\/estado29.mx\/wp-content\/uploads\/2023\/08\/IMG_20230820_112306-min-1140x855.jpg 1140w\" sizes=\"auto, (max-width: 2560px) 100vw, 2560px\" \/><\/figure>","protected":false},"excerpt":{"rendered":"<p>Este domingo 20 de agosto del a\u00f1o en curso se llev\u00f3 cabo en el Municipio de Huamantla, la Exposici\u00f3n de Auto Antiguo y Cl\u00e1sico, en su edici\u00f3n n\u00famero 22, Gerardo Espinoza Jim\u00e9nez, quien forma parte del grupo organizador del evento, detall\u00f3 que se tuvo la participaci\u00f3n aproximada de 65 veh\u00edculos antiguos, en donde los asistentes [&hellip;]<\/p>\n","protected":false},"author":7,"featured_media":87641,"comment_status":"open","ping_status":"open","sticky":false,"template":"","format":"standard","meta":{"om_disable_all_campaigns":false,"_monsterinsights_skip_tracking":false,"_monsterinsights_sitenote_active":false,"_monsterinsights_sitenote_note":"","_monsterinsights_sitenote_category":0,"jnews-multi-image_gallery":[],"jnews_single_post":{"subtitle":"","format":"standard","video":"","gallery":"","source_name":"","source_url":"","via_name":"","via_url":"","override_template":"0","override":[{"template":"1","single_blog_custom":"","parallax":"1","fullscreen":"1","layout":"right-sidebar","sidebar":"default-sidebar","second_sidebar":"default-sidebar","sticky_sidebar":"1","share_position":"top","share_float_style":"share-monocrhome","show_share_counter":"1","show_view_counter":"1","show_featured":"1","show_post_meta":"1","show_post_author":"1","show_post_author_image":"1","show_post_date":"1","post_date_format":"default","post_date_format_custom":"Y\/m\/d","show_post_category":"1","show_post_reading_time":"0","post_reading_time_wpm":"300","show_zoom_button":"0","zoom_button_out_step":"2","zoom_button_in_step":"3","show_post_tag":"1","show_prev_next_post":"1","show_popup_post":"1","number_popup_post":"1","show_author_box":"1","show_post_related":"0","show_inline_post_related":"0"}],"override_image_size":"0","image_override":[{"single_post_thumbnail_size":"crop-500","single_post_gallery_size":"crop-500"}],"trending_post":"0","trending_post_position":"meta","trending_post_label":"Trending","sponsored_post":"0","sponsored_post_label":"Sponsored by","sponsored_post_name":"","sponsored_post_url":"","sponsored_post_logo_enable":"0","sponsored_post_logo":"","sponsored_post_desc":"","disable_ad":"0"},"jnews_primary_category":{"id":""},"footnotes":""},"categories":[1],"tags":[],"class_list":["post-87642","post","type-post","status-publish","format-standard","has-post-thumbnail","hentry","category-uncategorized"],"aioseo_notices":[],"_links":{"self":[{"href":"https:\/\/estado29.mx\/index.php?rest_route=\/wp\/v2\/posts\/87642","targetHints":{"allow":["GET"]}}],"collection":[{"href":"https:\/\/estado29.mx\/index.php?rest_route=\/wp\/v2\/posts"}],"about":[{"href":"https:\/\/estado29.mx\/index.php?rest_route=\/wp\/v2\/types\/post"}],"author":[{"embeddable":true,"href":"https:\/\/estado29.mx\/index.php?rest_route=\/wp\/v2\/users\/7"}],"replies":[{"embeddable":true,"href":"https:\/\/estado29.mx\/index.php?rest_route=%2Fwp%2Fv2%2Fcomments&post=87642"}],"version-history":[{"count":2,"href":"https:\/\/estado29.mx\/index.php?rest_route=\/wp\/v2\/posts\/87642\/revisions"}],"predecessor-version":[{"id":87645,"href":"https:\/\/estado29.mx\/index.php?rest_route=\/wp\/v2\/posts\/87642\/revisions\/87645"}],"wp:featuredmedia":[{"embeddable":true,"href":"https:\/\/estado29.mx\/index.php?rest_route=\/wp\/v2\/media\/87641"}],"wp:attachment":[{"href":"https:\/\/estado29.mx\/index.php?rest_route=%2Fwp%2Fv2%2Fmedia&parent=87642"}],"wp:term":[{"taxonomy":"category","embeddable":true,"href":"https:\/\/estado29.mx\/index.php?rest_route=%2Fwp%2Fv2%2Fcategories&post=87642"},{"taxonomy":"post_tag","embeddable":true,"href":"https:\/\/estado29.mx\/index.php?rest_route=%2Fwp%2Fv2%2Ftags&post=87642"}],"curies":[{"name":"wp","href":"https:\/\/api.w.org\/{rel}","templated":true}]}}