{"id":87646,"date":"2023-08-20T20:39:06","date_gmt":"2023-08-20T20:39:06","guid":{"rendered":"https:\/\/estado29.mx\/?p=87646"},"modified":"2023-08-20T20:39:07","modified_gmt":"2023-08-20T20:39:07","slug":"participa-huamantla-en-exposicion-de-autos-antiguos-y-clasicos-en-su-edicion-22","status":"publish","type":"post","link":"https:\/\/estado29.mx\/?p=87646","title":{"rendered":"Participa Huamantla en exposici\u00f3n de autos antiguos y Cl\u00e1sicos en su edici\u00f3n 22."},"content":{"rendered":"\n<p>Christopher Garc\u00eda, quien es originario del Municipio de Huamantla, habl\u00f3 sobre su participaci\u00f3n en la exposici\u00f3n del Auto antiguo y Cl\u00e1sico, realizada este domingo 20 de agosto, en las inmediaciones del Parque Ju\u00e1rez , en donde detall\u00f3 que el auto que expuso, ha obtenido el primer lugar en exposiciones de otros Estados \u201cmire, es la primera vez que vengo, el carro de hecho ya tiene tiempo que lo tengo pero, es la primera vez que me animo a traerlo\u201d.<\/p>\n\n\n\n<p><br>En su mensaje, hace la invitaci\u00f3n a la ciudadan\u00eda para que se sumen a participar en dicha exposici\u00f3n \u201cpues que vengan a la exposici\u00f3n que traigan m\u00e1s carros para que esto sea m\u00e1s grande\u201d.<\/p>\n\n\n\n<p><br>Cuando le preguntamos si ha tenido otras participaciones y dijo, que ha ganado el primer lugar con su auto \u201csi lo llev\u00e9 a Puebla, a Val Quirico y a Tehuac\u00e1n, en Puebla he ganado el primer lugar, en la categor\u00eda, en Tezuitl\u00e1n solo fue exhibici\u00f3n, y en Val Qu\u00edrico tambien solo fue exhibici\u00f3n\u201d.<\/p>\n\n\n<figure class=\"wp-block-post-featured-image\"><img loading=\"lazy\" decoding=\"async\" width=\"1920\" height=\"2560\" src=\"https:\/\/estado29.mx\/wp-content\/uploads\/2023\/08\/IMG_20230820_110804-min-scaled.jpg\" class=\"attachment-post-thumbnail size-post-thumbnail wp-post-image\" alt=\"\" style=\"object-fit:cover;\" srcset=\"https:\/\/estado29.mx\/wp-content\/uploads\/2023\/08\/IMG_20230820_110804-min-scaled.jpg 1920w, https:\/\/estado29.mx\/wp-content\/uploads\/2023\/08\/IMG_20230820_110804-min-225x300.jpg 225w, https:\/\/estado29.mx\/wp-content\/uploads\/2023\/08\/IMG_20230820_110804-min-768x1024.jpg 768w, https:\/\/estado29.mx\/wp-content\/uploads\/2023\/08\/IMG_20230820_110804-min-1152x1536.jpg 1152w, https:\/\/estado29.mx\/wp-content\/uploads\/2023\/08\/IMG_20230820_110804-min-1536x2048.jpg 1536w, https:\/\/estado29.mx\/wp-content\/uploads\/2023\/08\/IMG_20230820_110804-min-750x1000.jpg 750w, https:\/\/estado29.mx\/wp-content\/uploads\/2023\/08\/IMG_20230820_110804-min-1140x1520.jpg 1140w\" sizes=\"auto, (max-width: 1920px) 100vw, 1920px\" \/><\/figure>","protected":false},"excerpt":{"rendered":"<p>Christopher Garc\u00eda, quien es originario del Municipio de Huamantla, habl\u00f3 sobre su participaci\u00f3n en la exposici\u00f3n del Auto antiguo y Cl\u00e1sico, realizada este domingo 20 de agosto, en las inmediaciones del Parque Ju\u00e1rez , en donde detall\u00f3 que el auto que expuso, ha obtenido el primer lugar en exposiciones de otros Estados \u201cmire, es la [&hellip;]<\/p>\n","protected":false},"author":7,"featured_media":87647,"comment_status":"open","ping_status":"open","sticky":false,"template":"","format":"standard","meta":{"om_disable_all_campaigns":false,"_monsterinsights_skip_tracking":false,"_monsterinsights_sitenote_active":false,"_monsterinsights_sitenote_note":"","_monsterinsights_sitenote_category":0,"jnews-multi-image_gallery":[],"jnews_single_post":{"subtitle":"","format":"standard","video":"","gallery":"","source_name":"","source_url":"","via_name":"","via_url":"","override_template":"0","override":[{"template":"1","single_blog_custom":"","parallax":"1","fullscreen":"1","layout":"right-sidebar","sidebar":"default-sidebar","second_sidebar":"default-sidebar","sticky_sidebar":"1","share_position":"top","share_float_style":"share-monocrhome","show_share_counter":"1","show_view_counter":"1","show_featured":"1","show_post_meta":"1","show_post_author":"1","show_post_author_image":"1","show_post_date":"1","post_date_format":"default","post_date_format_custom":"Y\/m\/d","show_post_category":"1","show_post_reading_time":"0","post_reading_time_wpm":"300","show_zoom_button":"0","zoom_button_out_step":"2","zoom_button_in_step":"3","show_post_tag":"1","show_prev_next_post":"1","show_popup_post":"1","number_popup_post":"1","show_author_box":"1","show_post_related":"0","show_inline_post_related":"0"}],"override_image_size":"0","image_override":[{"single_post_thumbnail_size":"crop-500","single_post_gallery_size":"crop-500"}],"trending_post":"0","trending_post_position":"meta","trending_post_label":"Trending","sponsored_post":"0","sponsored_post_label":"Sponsored by","sponsored_post_name":"","sponsored_post_url":"","sponsored_post_logo_enable":"0","sponsored_post_logo":"","sponsored_post_desc":"","disable_ad":"0"},"jnews_primary_category":{"id":""},"footnotes":""},"categories":[1],"tags":[],"class_list":["post-87646","post","type-post","status-publish","format-standard","has-post-thumbnail","hentry","category-uncategorized"],"aioseo_notices":[],"_links":{"self":[{"href":"https:\/\/estado29.mx\/index.php?rest_route=\/wp\/v2\/posts\/87646","targetHints":{"allow":["GET"]}}],"collection":[{"href":"https:\/\/estado29.mx\/index.php?rest_route=\/wp\/v2\/posts"}],"about":[{"href":"https:\/\/estado29.mx\/index.php?rest_route=\/wp\/v2\/types\/post"}],"author":[{"embeddable":true,"href":"https:\/\/estado29.mx\/index.php?rest_route=\/wp\/v2\/users\/7"}],"replies":[{"embeddable":true,"href":"https:\/\/estado29.mx\/index.php?rest_route=%2Fwp%2Fv2%2Fcomments&post=87646"}],"version-history":[{"count":1,"href":"https:\/\/estado29.mx\/index.php?rest_route=\/wp\/v2\/posts\/87646\/revisions"}],"predecessor-version":[{"id":87648,"href":"https:\/\/estado29.mx\/index.php?rest_route=\/wp\/v2\/posts\/87646\/revisions\/87648"}],"wp:featuredmedia":[{"embeddable":true,"href":"https:\/\/estado29.mx\/index.php?rest_route=\/wp\/v2\/media\/87647"}],"wp:attachment":[{"href":"https:\/\/estado29.mx\/index.php?rest_route=%2Fwp%2Fv2%2Fmedia&parent=87646"}],"wp:term":[{"taxonomy":"category","embeddable":true,"href":"https:\/\/estado29.mx\/index.php?rest_route=%2Fwp%2Fv2%2Fcategories&post=87646"},{"taxonomy":"post_tag","embeddable":true,"href":"https:\/\/estado29.mx\/index.php?rest_route=%2Fwp%2Fv2%2Ftags&post=87646"}],"curies":[{"name":"wp","href":"https:\/\/api.w.org\/{rel}","templated":true}]}}