{"id":87693,"date":"2023-08-23T16:46:01","date_gmt":"2023-08-23T16:46:01","guid":{"rendered":"https:\/\/estado29.mx\/?p=87693"},"modified":"2023-08-23T16:46:02","modified_gmt":"2023-08-23T16:46:02","slug":"juez-vincula-a-proceso-a-masculino-por-incumplimiento-de-obligacion-alimentaria","status":"publish","type":"post","link":"https:\/\/estado29.mx\/?p=87693","title":{"rendered":"Juez vincula a proceso a masculino por incumplimiento de obligaci\u00f3n alimentaria."},"content":{"rendered":"\n<p><\/p>\n\n\n\n<p>Derivado del trabajo realizado por el agente del Ministerio P\u00fablico del fuero com\u00fan de la Procuradur\u00eda General de Justicia del Estado (PGJE), un Juez de Control determin\u00f3 vincular a proceso a Amado N., por el delito de incumplimiento de la obligaci\u00f3n alimentaria.<\/p>\n\n\n\n<p>De acuerdo con los hechos asentados en el expediente, desde el a\u00f1o 2017 el ahora imputado dej\u00f3 de depositar para la manutenci\u00f3n de sus dos menores hijos, por lo cual, la agraviada present\u00f3 la denuncia correspondiente.<\/p>\n\n\n\n<p>Por ello, el Juez se\u00f1al\u00f3 d\u00eda y hora para la audiencia inicial; sin embargo, no compareci\u00f3 y no justific\u00f3 su inasistencia, por ello, el Juez de la Causa libr\u00f3 el mandamiento judicial, el cual se cumpliment\u00f3 el pasado 7 de agosto en el municipio de Yauhquemehcan.<\/p>\n\n\n\n<p>Durante el desarrollo de la audiencia, el Juez cont\u00f3 con los datos probatorios suficientes aportados por el representante del fuero com\u00fan para vincularlo a proceso e imponerle como medidas cautelares la firma peri\u00f3dica en el libro de procesados, as\u00ed como, una garant\u00eda econ\u00f3mica de 10 mil pesos.<\/p>\n\n\n\n<p>Con estas acciones, la Procuradur\u00eda General de Justicia del Estado mantiene el firme compromiso de trabajar en favor de los derechos de ni\u00f1as, ni\u00f1os y adolescentes.<\/p>\n","protected":false},"excerpt":{"rendered":"<p>Derivado del trabajo realizado por el agente del Ministerio P\u00fablico del fuero com\u00fan de la Procuradur\u00eda General de Justicia del Estado (PGJE), un Juez de Control determin\u00f3 vincular a proceso a Amado N., por el delito de incumplimiento de la obligaci\u00f3n alimentaria. De acuerdo con los hechos asentados en el expediente, desde el a\u00f1o 2017 [&hellip;]<\/p>\n","protected":false},"author":4,"featured_media":87694,"comment_status":"open","ping_status":"open","sticky":false,"template":"","format":"standard","meta":{"om_disable_all_campaigns":false,"_monsterinsights_skip_tracking":false,"_monsterinsights_sitenote_active":false,"_monsterinsights_sitenote_note":"","_monsterinsights_sitenote_category":0,"jnews-multi-image_gallery":[],"jnews_single_post":{"subtitle":"","format":"standard","video":"","gallery":"","source_name":"","source_url":"","via_name":"","via_url":"","override_template":"0","override":[{"template":"1","single_blog_custom":"","parallax":"1","fullscreen":"1","layout":"right-sidebar","sidebar":"default-sidebar","second_sidebar":"default-sidebar","sticky_sidebar":"1","share_position":"top","share_float_style":"share-monocrhome","show_share_counter":"1","show_view_counter":"1","show_featured":"1","show_post_meta":"1","show_post_author":"1","show_post_author_image":"1","show_post_date":"1","post_date_format":"default","post_date_format_custom":"Y\/m\/d","show_post_category":"1","show_post_reading_time":"0","post_reading_time_wpm":"300","show_zoom_button":"0","zoom_button_out_step":"2","zoom_button_in_step":"3","show_post_tag":"1","show_prev_next_post":"1","show_popup_post":"1","number_popup_post":"1","show_author_box":"1","show_post_related":"0","show_inline_post_related":"0"}],"override_image_size":"0","image_override":[{"single_post_thumbnail_size":"crop-500","single_post_gallery_size":"crop-500"}],"trending_post":"0","trending_post_position":"meta","trending_post_label":"Trending","sponsored_post":"0","sponsored_post_label":"Sponsored by","sponsored_post_name":"","sponsored_post_url":"","sponsored_post_logo_enable":"0","sponsored_post_logo":"","sponsored_post_desc":"","disable_ad":"0"},"jnews_primary_category":{"id":""},"footnotes":""},"categories":[1],"tags":[110,119,96],"class_list":["post-87693","post","type-post","status-publish","format-standard","has-post-thumbnail","hentry","category-uncategorized","tag-municipios","tag-seguridad","tag-tlaxcala"],"aioseo_notices":[],"_links":{"self":[{"href":"https:\/\/estado29.mx\/index.php?rest_route=\/wp\/v2\/posts\/87693","targetHints":{"allow":["GET"]}}],"collection":[{"href":"https:\/\/estado29.mx\/index.php?rest_route=\/wp\/v2\/posts"}],"about":[{"href":"https:\/\/estado29.mx\/index.php?rest_route=\/wp\/v2\/types\/post"}],"author":[{"embeddable":true,"href":"https:\/\/estado29.mx\/index.php?rest_route=\/wp\/v2\/users\/4"}],"replies":[{"embeddable":true,"href":"https:\/\/estado29.mx\/index.php?rest_route=%2Fwp%2Fv2%2Fcomments&post=87693"}],"version-history":[{"count":1,"href":"https:\/\/estado29.mx\/index.php?rest_route=\/wp\/v2\/posts\/87693\/revisions"}],"predecessor-version":[{"id":87695,"href":"https:\/\/estado29.mx\/index.php?rest_route=\/wp\/v2\/posts\/87693\/revisions\/87695"}],"wp:featuredmedia":[{"embeddable":true,"href":"https:\/\/estado29.mx\/index.php?rest_route=\/wp\/v2\/media\/87694"}],"wp:attachment":[{"href":"https:\/\/estado29.mx\/index.php?rest_route=%2Fwp%2Fv2%2Fmedia&parent=87693"}],"wp:term":[{"taxonomy":"category","embeddable":true,"href":"https:\/\/estado29.mx\/index.php?rest_route=%2Fwp%2Fv2%2Fcategories&post=87693"},{"taxonomy":"post_tag","embeddable":true,"href":"https:\/\/estado29.mx\/index.php?rest_route=%2Fwp%2Fv2%2Ftags&post=87693"}],"curies":[{"name":"wp","href":"https:\/\/api.w.org\/{rel}","templated":true}]}}