{"id":87771,"date":"2023-08-30T18:50:44","date_gmt":"2023-08-30T18:50:44","guid":{"rendered":"https:\/\/estado29.mx\/?p=87771"},"modified":"2023-08-30T18:50:44","modified_gmt":"2023-08-30T18:50:44","slug":"participan-mas-de-3-mil-personas-en-faenas-comunitarias-en-atltzayanca","status":"publish","type":"post","link":"https:\/\/estado29.mx\/?p=87771","title":{"rendered":"Participan m\u00e1s de 3 mil personas en faenas comunitarias en Atltzayanca."},"content":{"rendered":"\n<p>El presidente municipal de Atltzayanca, Gustavo Parada Matamoros, refiri\u00f3 que, derivado de las necesitadas que hay en el municipio y la p\u00e9rdida de cosechas en los terrenos de cultivo, la administraci\u00f3n que preside, ha realizado un programa de faenas comunitarias para beneficiar a los pobladores, en donde se tuvo la participaci\u00f3n de m\u00e1s de tres mil personas \u201cas\u00ed como hicimos un programa de faenas comunitarias, en todo el municipio, este programa surge a ra\u00edz de una necesidad, que llevamos dos a\u00f1os que el campo de Atltzayanca, se ha perdido, este a\u00f1o ya se perdi\u00f3, entonces hay necesidad\u201d.<\/p>\n\n\n\n<p><br>El alcalde subray\u00f3, que estas acciones se continuar\u00e1n realizando en el municipio, debido a la participaci\u00f3n de los pobladores \u201clo que hicimos fue involucrar a la gente, en alguna faena que es necesaria para la comunidad, ll\u00e1mese limpiar caminos, arreglar alguna calle, limpiar alg\u00fan c\u00e1rcamo de agua que se yo, ellos hac\u00edan la faena y nosotros les llev\u00e1bamos una despensa\u201d.<\/p>\n\n\n\n<p><br>Parada Matamoros, asegur\u00f3 que este programa de faenas, se yace con el objetivo de ayudar a los habitantes del lugar \u201chubo mucha participaci\u00f3n, porque a nivel de municipio, hubo la participaci\u00f3n de m\u00e1s de tres mil personas, entonces eso genera y nos pone, a que tengo que volver a hacer otro programa, porque la gente s\u00ed participa, debemos de regresar al tema de las faenas, porque se perdi\u00f3, pero ya lo rescatamos, ya hab\u00eda yo hecho una prueba en una comunidad y funcion\u00f3, y ahora lo hicimos en todo el municipio, para m\u00ed es bonito que la gente participa e y que nosotros le podamos ayudar\u201d.<\/p>\n\n\n<figure class=\"wp-block-post-featured-image\"><img loading=\"lazy\" decoding=\"async\" width=\"701\" height=\"437\" src=\"https:\/\/estado29.mx\/wp-content\/uploads\/2023\/04\/images-7.jpeg\" class=\"attachment-post-thumbnail size-post-thumbnail wp-post-image\" alt=\"\" style=\"object-fit:cover;\" srcset=\"https:\/\/estado29.mx\/wp-content\/uploads\/2023\/04\/images-7.jpeg 701w, https:\/\/estado29.mx\/wp-content\/uploads\/2023\/04\/images-7-300x187.jpeg 300w\" sizes=\"auto, (max-width: 701px) 100vw, 701px\" \/><\/figure>","protected":false},"excerpt":{"rendered":"<p>El presidente municipal de Atltzayanca, Gustavo Parada Matamoros, refiri\u00f3 que, derivado de las necesitadas que hay en el municipio y la p\u00e9rdida de cosechas en los terrenos de cultivo, la administraci\u00f3n que preside, ha realizado un programa de faenas comunitarias para beneficiar a los pobladores, en donde se tuvo la participaci\u00f3n de m\u00e1s de tres [&hellip;]<\/p>\n","protected":false},"author":7,"featured_media":85651,"comment_status":"open","ping_status":"open","sticky":false,"template":"","format":"standard","meta":{"om_disable_all_campaigns":false,"_monsterinsights_skip_tracking":false,"_monsterinsights_sitenote_active":false,"_monsterinsights_sitenote_note":"","_monsterinsights_sitenote_category":0,"jnews-multi-image_gallery":[],"jnews_single_post":{"subtitle":"","format":"standard","video":"","gallery":"","source_name":"","source_url":"","via_name":"","via_url":"","override_template":"0","override":[{"template":"1","single_blog_custom":"","parallax":"1","fullscreen":"1","layout":"right-sidebar","sidebar":"default-sidebar","second_sidebar":"default-sidebar","sticky_sidebar":"1","share_position":"top","share_float_style":"share-monocrhome","show_share_counter":"1","show_view_counter":"1","show_featured":"1","show_post_meta":"1","show_post_author":"1","show_post_author_image":"1","show_post_date":"1","post_date_format":"default","post_date_format_custom":"Y\/m\/d","show_post_category":"1","show_post_reading_time":"0","post_reading_time_wpm":"300","show_zoom_button":"0","zoom_button_out_step":"2","zoom_button_in_step":"3","show_post_tag":"1","show_prev_next_post":"1","show_popup_post":"1","number_popup_post":"1","show_author_box":"1","show_post_related":"0","show_inline_post_related":"0"}],"override_image_size":"0","image_override":[{"single_post_thumbnail_size":"crop-500","single_post_gallery_size":"crop-500"}],"trending_post":"0","trending_post_position":"meta","trending_post_label":"Trending","sponsored_post":"0","sponsored_post_label":"Sponsored by","sponsored_post_name":"","sponsored_post_url":"","sponsored_post_logo_enable":"0","sponsored_post_logo":"","sponsored_post_desc":"","disable_ad":"0"},"jnews_primary_category":{"id":""},"footnotes":""},"categories":[1],"tags":[],"class_list":["post-87771","post","type-post","status-publish","format-standard","has-post-thumbnail","hentry","category-uncategorized"],"aioseo_notices":[],"_links":{"self":[{"href":"https:\/\/estado29.mx\/index.php?rest_route=\/wp\/v2\/posts\/87771","targetHints":{"allow":["GET"]}}],"collection":[{"href":"https:\/\/estado29.mx\/index.php?rest_route=\/wp\/v2\/posts"}],"about":[{"href":"https:\/\/estado29.mx\/index.php?rest_route=\/wp\/v2\/types\/post"}],"author":[{"embeddable":true,"href":"https:\/\/estado29.mx\/index.php?rest_route=\/wp\/v2\/users\/7"}],"replies":[{"embeddable":true,"href":"https:\/\/estado29.mx\/index.php?rest_route=%2Fwp%2Fv2%2Fcomments&post=87771"}],"version-history":[{"count":1,"href":"https:\/\/estado29.mx\/index.php?rest_route=\/wp\/v2\/posts\/87771\/revisions"}],"predecessor-version":[{"id":87772,"href":"https:\/\/estado29.mx\/index.php?rest_route=\/wp\/v2\/posts\/87771\/revisions\/87772"}],"wp:featuredmedia":[{"embeddable":true,"href":"https:\/\/estado29.mx\/index.php?rest_route=\/wp\/v2\/media\/85651"}],"wp:attachment":[{"href":"https:\/\/estado29.mx\/index.php?rest_route=%2Fwp%2Fv2%2Fmedia&parent=87771"}],"wp:term":[{"taxonomy":"category","embeddable":true,"href":"https:\/\/estado29.mx\/index.php?rest_route=%2Fwp%2Fv2%2Fcategories&post=87771"},{"taxonomy":"post_tag","embeddable":true,"href":"https:\/\/estado29.mx\/index.php?rest_route=%2Fwp%2Fv2%2Ftags&post=87771"}],"curies":[{"name":"wp","href":"https:\/\/api.w.org\/{rel}","templated":true}]}}