{"id":87773,"date":"2023-08-30T18:52:10","date_gmt":"2023-08-30T18:52:10","guid":{"rendered":"https:\/\/estado29.mx\/?p=87773"},"modified":"2023-08-30T18:52:11","modified_gmt":"2023-08-30T18:52:11","slug":"sin-danos-registrados-en-ixtenco-por-lluvias","status":"publish","type":"post","link":"https:\/\/estado29.mx\/?p=87773","title":{"rendered":"Sin da\u00f1os registrados en Ixtenco por lluvias."},"content":{"rendered":"\n<p>El Presidente Municipal de Ixtenco, Renato S\u00e1nchez Rojas, asever\u00f3 que derivado de las lluvias de los d\u00edas anteriores, la administraci\u00f3n que preside, ha estado monitoreando los cauces que tiene el lugar.<\/p>\n\n\n\n<p><br>El edil agreg\u00f3 que no se han registrado da\u00f1os hasta el momento, pues las lluvias han sido moderadas \u201cno, la verdad es que aqu\u00ed en el municipio no han ca\u00eddo lluvias, muy fuertes, ni siquiera ha habido alg\u00fan riesgo, de inundaci\u00f3n o de afectaci\u00f3n a cultivos, de ninguna manera, al contrario, la verdad es que apenas est\u00e1 lloviendo y est\u00e1 lloviendo muy moderadamente, al menos en esta zona, aunque parezca que estamos muy juntos a Huamantla, la verdad es que de este lado no ha llovido tan fuerte, apenas esta muy bien\u201d.<\/p>\n\n\n\n<p><br>El alcalde coment\u00f3, que pese a la cercan\u00eda que tiene el municipio con Huamantla, las lluvias no han sido intensas \u201chemos estado pendientes de los causes para revisar cualquier contingencia, ah\u00ed con la retroexcavadora, con los camiones que tenemos, para atender la situaci\u00f3n, pero no, no ha habido ninguna por fortuna\u201d.<\/p>\n\n\n<figure class=\"wp-block-post-featured-image\"><img loading=\"lazy\" decoding=\"async\" width=\"2560\" height=\"1920\" src=\"https:\/\/estado29.mx\/wp-content\/uploads\/2023\/06\/IMG_20230517_112845-min-1-scaled.jpg\" class=\"attachment-post-thumbnail size-post-thumbnail wp-post-image\" alt=\"\" style=\"object-fit:cover;\" srcset=\"https:\/\/estado29.mx\/wp-content\/uploads\/2023\/06\/IMG_20230517_112845-min-1-scaled.jpg 2560w, https:\/\/estado29.mx\/wp-content\/uploads\/2023\/06\/IMG_20230517_112845-min-1-300x225.jpg 300w, https:\/\/estado29.mx\/wp-content\/uploads\/2023\/06\/IMG_20230517_112845-min-1-1024x768.jpg 1024w, https:\/\/estado29.mx\/wp-content\/uploads\/2023\/06\/IMG_20230517_112845-min-1-768x576.jpg 768w, https:\/\/estado29.mx\/wp-content\/uploads\/2023\/06\/IMG_20230517_112845-min-1-1536x1152.jpg 1536w, https:\/\/estado29.mx\/wp-content\/uploads\/2023\/06\/IMG_20230517_112845-min-1-2048x1536.jpg 2048w, https:\/\/estado29.mx\/wp-content\/uploads\/2023\/06\/IMG_20230517_112845-min-1-750x563.jpg 750w, https:\/\/estado29.mx\/wp-content\/uploads\/2023\/06\/IMG_20230517_112845-min-1-1140x855.jpg 1140w\" sizes=\"auto, (max-width: 2560px) 100vw, 2560px\" \/><\/figure>","protected":false},"excerpt":{"rendered":"<p>El Presidente Municipal de Ixtenco, Renato S\u00e1nchez Rojas, asever\u00f3 que derivado de las lluvias de los d\u00edas anteriores, la administraci\u00f3n que preside, ha estado monitoreando los cauces que tiene el lugar. El edil agreg\u00f3 que no se han registrado da\u00f1os hasta el momento, pues las lluvias han sido moderadas \u201cno, la verdad es que aqu\u00ed [&hellip;]<\/p>\n","protected":false},"author":7,"featured_media":86734,"comment_status":"open","ping_status":"open","sticky":false,"template":"","format":"standard","meta":{"om_disable_all_campaigns":false,"_monsterinsights_skip_tracking":false,"_monsterinsights_sitenote_active":false,"_monsterinsights_sitenote_note":"","_monsterinsights_sitenote_category":0,"jnews-multi-image_gallery":[],"jnews_single_post":{"subtitle":"","format":"standard","video":"","gallery":"","source_name":"","source_url":"","via_name":"","via_url":"","override_template":"0","override":[{"template":"1","single_blog_custom":"","parallax":"1","fullscreen":"1","layout":"right-sidebar","sidebar":"default-sidebar","second_sidebar":"default-sidebar","sticky_sidebar":"1","share_position":"top","share_float_style":"share-monocrhome","show_share_counter":"1","show_view_counter":"1","show_featured":"1","show_post_meta":"1","show_post_author":"1","show_post_author_image":"1","show_post_date":"1","post_date_format":"default","post_date_format_custom":"Y\/m\/d","show_post_category":"1","show_post_reading_time":"0","post_reading_time_wpm":"300","show_zoom_button":"0","zoom_button_out_step":"2","zoom_button_in_step":"3","show_post_tag":"1","show_prev_next_post":"1","show_popup_post":"1","number_popup_post":"1","show_author_box":"1","show_post_related":"0","show_inline_post_related":"0"}],"override_image_size":"0","image_override":[{"single_post_thumbnail_size":"crop-500","single_post_gallery_size":"crop-500"}],"trending_post":"0","trending_post_position":"meta","trending_post_label":"Trending","sponsored_post":"0","sponsored_post_label":"Sponsored by","sponsored_post_name":"","sponsored_post_url":"","sponsored_post_logo_enable":"0","sponsored_post_logo":"","sponsored_post_desc":"","disable_ad":"0"},"jnews_primary_category":{"id":""},"footnotes":""},"categories":[1],"tags":[],"class_list":["post-87773","post","type-post","status-publish","format-standard","has-post-thumbnail","hentry","category-uncategorized"],"aioseo_notices":[],"_links":{"self":[{"href":"https:\/\/estado29.mx\/index.php?rest_route=\/wp\/v2\/posts\/87773","targetHints":{"allow":["GET"]}}],"collection":[{"href":"https:\/\/estado29.mx\/index.php?rest_route=\/wp\/v2\/posts"}],"about":[{"href":"https:\/\/estado29.mx\/index.php?rest_route=\/wp\/v2\/types\/post"}],"author":[{"embeddable":true,"href":"https:\/\/estado29.mx\/index.php?rest_route=\/wp\/v2\/users\/7"}],"replies":[{"embeddable":true,"href":"https:\/\/estado29.mx\/index.php?rest_route=%2Fwp%2Fv2%2Fcomments&post=87773"}],"version-history":[{"count":1,"href":"https:\/\/estado29.mx\/index.php?rest_route=\/wp\/v2\/posts\/87773\/revisions"}],"predecessor-version":[{"id":87774,"href":"https:\/\/estado29.mx\/index.php?rest_route=\/wp\/v2\/posts\/87773\/revisions\/87774"}],"wp:featuredmedia":[{"embeddable":true,"href":"https:\/\/estado29.mx\/index.php?rest_route=\/wp\/v2\/media\/86734"}],"wp:attachment":[{"href":"https:\/\/estado29.mx\/index.php?rest_route=%2Fwp%2Fv2%2Fmedia&parent=87773"}],"wp:term":[{"taxonomy":"category","embeddable":true,"href":"https:\/\/estado29.mx\/index.php?rest_route=%2Fwp%2Fv2%2Fcategories&post=87773"},{"taxonomy":"post_tag","embeddable":true,"href":"https:\/\/estado29.mx\/index.php?rest_route=%2Fwp%2Fv2%2Ftags&post=87773"}],"curies":[{"name":"wp","href":"https:\/\/api.w.org\/{rel}","templated":true}]}}