{"id":87961,"date":"2023-09-20T18:59:13","date_gmt":"2023-09-20T18:59:13","guid":{"rendered":"https:\/\/estado29.mx\/?p=87961"},"modified":"2023-09-20T18:59:15","modified_gmt":"2023-09-20T18:59:15","slug":"vuelca-trailer-cargado-de-cloro-en-tocatlan","status":"publish","type":"post","link":"https:\/\/estado29.mx\/?p=87961","title":{"rendered":"Vuelca trailer cargado de cloro en Tocatlan."},"content":{"rendered":"\n<p><img loading=\"lazy\" decoding=\"async\" height=\"16\" width=\"16\" alt=\"\ud83d\udea8\" src=\"https:\/\/static.xx.fbcdn.net\/images\/emoji.php\/v9\/t45\/1\/16\/1f6a8.png\"><img loading=\"lazy\" decoding=\"async\" height=\"16\" width=\"16\" alt=\"\ud83d\ude9a\" src=\"https:\/\/static.xx.fbcdn.net\/images\/emoji.php\/v9\/t16\/1\/16\/1f69a.png\">Vuelca tr\u00e1iler cargado con cloro en Tocatl\u00e1n<\/p>\n\n\n\n<p>Durante este 19 de septiembre, un tr\u00e1iler cargado con un contenedor con hipoclorito de sodio (cloro), volc\u00f3 en la incorporaci\u00f3n al municipio de Tocatl\u00e1n, sobre la carretera M\u00e9xico-Veracruz con direcci\u00f3n a Huamantla, d\u00f3nde el conductor result\u00f3 con lesiones menores. Hasta las 13:30 horas los equipos de emergencia contin\u00faan trabajando para retirar la pesada unidad y su carga.<\/p>\n\n\n\n<p><a href=\"https:\/\/www.facebook.com\/hashtag\/foto?__eep__=6&amp;__cft__[0]=AZWGTKy9QSGcsD42xdFNIFef7aQNmuJ_KoKsO2bfCLSyi74X9bRBK4DMWvzBh6dmp7ONa9fxz6tYSyfI1K8PrAcnpgJ8bhwNCwXTcmkVWeb8819XREvcnwKrsZ4ON0qkzoZsBD26sp1oL1HQPj8MydbihykPXxLefBhbuRNxVhtOKko8eW2WAoFjZXNy7UlUcbI&amp;__tn__=*NK-R\">#Foto<\/a>:H\u00e9ctor Lorenzo\/\/ TlaxcalaRoja<\/p>\n","protected":false},"excerpt":{"rendered":"<p>Vuelca tr\u00e1iler cargado con cloro en Tocatl\u00e1n Durante este 19 de septiembre, un tr\u00e1iler cargado con un contenedor con hipoclorito de sodio (cloro), volc\u00f3 en la incorporaci\u00f3n al municipio de Tocatl\u00e1n, sobre la carretera M\u00e9xico-Veracruz con direcci\u00f3n a Huamantla, d\u00f3nde el conductor result\u00f3 con lesiones menores. Hasta las 13:30 horas los equipos de emergencia contin\u00faan [&hellip;]<\/p>\n","protected":false},"author":4,"featured_media":87962,"comment_status":"open","ping_status":"open","sticky":false,"template":"","format":"standard","meta":{"om_disable_all_campaigns":false,"_monsterinsights_skip_tracking":false,"_monsterinsights_sitenote_active":false,"_monsterinsights_sitenote_note":"","_monsterinsights_sitenote_category":0,"jnews-multi-image_gallery":[],"jnews_single_post":{"subtitle":"","format":"standard","video":"","gallery":"","source_name":"","source_url":"","via_name":"","via_url":"","override_template":"0","override":[{"template":"1","single_blog_custom":"","parallax":"1","fullscreen":"1","layout":"right-sidebar","sidebar":"default-sidebar","second_sidebar":"default-sidebar","sticky_sidebar":"1","share_position":"top","share_float_style":"share-monocrhome","show_share_counter":"1","show_view_counter":"1","show_featured":"1","show_post_meta":"1","show_post_author":"1","show_post_author_image":"1","show_post_date":"1","post_date_format":"default","post_date_format_custom":"Y\/m\/d","show_post_category":"1","show_post_reading_time":"0","post_reading_time_wpm":"300","show_zoom_button":"0","zoom_button_out_step":"2","zoom_button_in_step":"3","show_post_tag":"1","show_prev_next_post":"1","show_popup_post":"1","number_popup_post":"1","show_author_box":"1","show_post_related":"0","show_inline_post_related":"0"}],"override_image_size":"0","image_override":[{"single_post_thumbnail_size":"crop-500","single_post_gallery_size":"crop-500"}],"trending_post":"0","trending_post_position":"meta","trending_post_label":"Trending","sponsored_post":"0","sponsored_post_label":"Sponsored by","sponsored_post_name":"","sponsored_post_url":"","sponsored_post_logo_enable":"0","sponsored_post_logo":"","sponsored_post_desc":"","disable_ad":"0"},"jnews_primary_category":{"id":""},"footnotes":""},"categories":[1],"tags":[],"class_list":["post-87961","post","type-post","status-publish","format-standard","has-post-thumbnail","hentry","category-uncategorized"],"aioseo_notices":[],"_links":{"self":[{"href":"https:\/\/estado29.mx\/index.php?rest_route=\/wp\/v2\/posts\/87961","targetHints":{"allow":["GET"]}}],"collection":[{"href":"https:\/\/estado29.mx\/index.php?rest_route=\/wp\/v2\/posts"}],"about":[{"href":"https:\/\/estado29.mx\/index.php?rest_route=\/wp\/v2\/types\/post"}],"author":[{"embeddable":true,"href":"https:\/\/estado29.mx\/index.php?rest_route=\/wp\/v2\/users\/4"}],"replies":[{"embeddable":true,"href":"https:\/\/estado29.mx\/index.php?rest_route=%2Fwp%2Fv2%2Fcomments&post=87961"}],"version-history":[{"count":1,"href":"https:\/\/estado29.mx\/index.php?rest_route=\/wp\/v2\/posts\/87961\/revisions"}],"predecessor-version":[{"id":87963,"href":"https:\/\/estado29.mx\/index.php?rest_route=\/wp\/v2\/posts\/87961\/revisions\/87963"}],"wp:featuredmedia":[{"embeddable":true,"href":"https:\/\/estado29.mx\/index.php?rest_route=\/wp\/v2\/media\/87962"}],"wp:attachment":[{"href":"https:\/\/estado29.mx\/index.php?rest_route=%2Fwp%2Fv2%2Fmedia&parent=87961"}],"wp:term":[{"taxonomy":"category","embeddable":true,"href":"https:\/\/estado29.mx\/index.php?rest_route=%2Fwp%2Fv2%2Fcategories&post=87961"},{"taxonomy":"post_tag","embeddable":true,"href":"https:\/\/estado29.mx\/index.php?rest_route=%2Fwp%2Fv2%2Ftags&post=87961"}],"curies":[{"name":"wp","href":"https:\/\/api.w.org\/{rel}","templated":true}]}}