{"id":87986,"date":"2023-09-21T16:01:59","date_gmt":"2023-09-21T16:01:59","guid":{"rendered":"https:\/\/estado29.mx\/?p=87986"},"modified":"2023-09-21T16:02:00","modified_gmt":"2023-09-21T16:02:00","slug":"aprehende-pgje-y-fiscalia-general-de-la-ciudad-de-mexico-a-masculino-por-despojo","status":"publish","type":"post","link":"https:\/\/estado29.mx\/?p=87986","title":{"rendered":"Aprehende PGJE y fiscal\u00eda general de la ciudad de M\u00e9xico a masculino por despojo"},"content":{"rendered":"\n<p>La Procuradur\u00eda General de Justicia del Estado (PGJE) en coordinaci\u00f3n con la Fiscal\u00eda General de Justicia de la Ciudad de M\u00e9xico (Fgjcdmx) ejecutaron una orden de aprehensi\u00f3n en contra de Carlos Alberto N., por el delito de despojo.<\/p>\n\n\n\n<p>Derivado del mandamiento judicial librado por un Juez de Control de la entidad tlaxcalteca, agentes de la Polic\u00eda de Investigaci\u00f3n de la Procuradur\u00eda iniciaron con las labores de b\u00fasqueda y el hombre fue ubicado en la Ciudad de M\u00e9xico por lo que solicitaron el apoyo de la Fiscal\u00eda de dicha entidad para su aprehensi\u00f3n.<\/p>\n\n\n\n<p>Por ello, agentes de ambas corporaciones llevaron a cabo las pesquisas correspondientes y el masculino fue aprehendido en la alcald\u00eda Cuauht\u00e9moc, donde le mostraron la orden de aprehensi\u00f3n y le hicieron saber los derechos que le asisten como persona detenida.<\/p>\n\n\n\n<p>Finalmente, personal de la Fiscal\u00eda hizo entrega del indiciado a Polic\u00edas de Investigaci\u00f3n de la Procuradur\u00eda, a fin de que sea presentado ante la autoridad correspondiente y responda por el delito que se le acusa.<\/p>\n\n\n\n<p>La Procuradur\u00eda General de Justicia del Estado trabaja de acuerdo con los protocolos que marca la ley y conforme al convenio de colaboraci\u00f3n entre fiscal\u00edas y procuradur\u00edas para la ejecuci\u00f3n de mandamientos judiciales.<\/p>\n","protected":false},"excerpt":{"rendered":"<p>La Procuradur\u00eda General de Justicia del Estado (PGJE) en coordinaci\u00f3n con la Fiscal\u00eda General de Justicia de la Ciudad de M\u00e9xico (Fgjcdmx) ejecutaron una orden de aprehensi\u00f3n en contra de Carlos Alberto N., por el delito de despojo. Derivado del mandamiento judicial librado por un Juez de Control de la entidad tlaxcalteca, agentes de la [&hellip;]<\/p>\n","protected":false},"author":4,"featured_media":87987,"comment_status":"open","ping_status":"open","sticky":false,"template":"","format":"standard","meta":{"om_disable_all_campaigns":false,"_monsterinsights_skip_tracking":false,"_monsterinsights_sitenote_active":false,"_monsterinsights_sitenote_note":"","_monsterinsights_sitenote_category":0,"jnews-multi-image_gallery":[],"jnews_single_post":{"subtitle":"","format":"standard","video":"","gallery":"","source_name":"","source_url":"","via_name":"","via_url":"","override_template":"0","override":[{"template":"1","single_blog_custom":"","parallax":"1","fullscreen":"1","layout":"right-sidebar","sidebar":"default-sidebar","second_sidebar":"default-sidebar","sticky_sidebar":"1","share_position":"top","share_float_style":"share-monocrhome","show_share_counter":"1","show_view_counter":"1","show_featured":"1","show_post_meta":"1","show_post_author":"1","show_post_author_image":"1","show_post_date":"1","post_date_format":"default","post_date_format_custom":"Y\/m\/d","show_post_category":"1","show_post_reading_time":"0","post_reading_time_wpm":"300","show_zoom_button":"0","zoom_button_out_step":"2","zoom_button_in_step":"3","show_post_tag":"1","show_prev_next_post":"1","show_popup_post":"1","number_popup_post":"1","show_author_box":"1","show_post_related":"0","show_inline_post_related":"0"}],"override_image_size":"0","image_override":[{"single_post_thumbnail_size":"crop-500","single_post_gallery_size":"crop-500"}],"trending_post":"0","trending_post_position":"meta","trending_post_label":"Trending","sponsored_post":"0","sponsored_post_label":"Sponsored by","sponsored_post_name":"","sponsored_post_url":"","sponsored_post_logo_enable":"0","sponsored_post_logo":"","sponsored_post_desc":"","disable_ad":"0"},"jnews_primary_category":{"id":""},"footnotes":""},"categories":[43,52,47,44,1],"tags":[110,119,118,96],"class_list":["post-87986","post","type-post","status-publish","format-standard","has-post-thumbnail","hentry","category-estado","category-gobierno-de-tlaxcala","category-municipios","category-seguridad","category-uncategorized","tag-municipios","tag-seguridad","tag-ssc","tag-tlaxcala"],"aioseo_notices":[],"_links":{"self":[{"href":"https:\/\/estado29.mx\/index.php?rest_route=\/wp\/v2\/posts\/87986","targetHints":{"allow":["GET"]}}],"collection":[{"href":"https:\/\/estado29.mx\/index.php?rest_route=\/wp\/v2\/posts"}],"about":[{"href":"https:\/\/estado29.mx\/index.php?rest_route=\/wp\/v2\/types\/post"}],"author":[{"embeddable":true,"href":"https:\/\/estado29.mx\/index.php?rest_route=\/wp\/v2\/users\/4"}],"replies":[{"embeddable":true,"href":"https:\/\/estado29.mx\/index.php?rest_route=%2Fwp%2Fv2%2Fcomments&post=87986"}],"version-history":[{"count":1,"href":"https:\/\/estado29.mx\/index.php?rest_route=\/wp\/v2\/posts\/87986\/revisions"}],"predecessor-version":[{"id":87988,"href":"https:\/\/estado29.mx\/index.php?rest_route=\/wp\/v2\/posts\/87986\/revisions\/87988"}],"wp:featuredmedia":[{"embeddable":true,"href":"https:\/\/estado29.mx\/index.php?rest_route=\/wp\/v2\/media\/87987"}],"wp:attachment":[{"href":"https:\/\/estado29.mx\/index.php?rest_route=%2Fwp%2Fv2%2Fmedia&parent=87986"}],"wp:term":[{"taxonomy":"category","embeddable":true,"href":"https:\/\/estado29.mx\/index.php?rest_route=%2Fwp%2Fv2%2Fcategories&post=87986"},{"taxonomy":"post_tag","embeddable":true,"href":"https:\/\/estado29.mx\/index.php?rest_route=%2Fwp%2Fv2%2Ftags&post=87986"}],"curies":[{"name":"wp","href":"https:\/\/api.w.org\/{rel}","templated":true}]}}