{"id":87989,"date":"2023-09-21T16:04:04","date_gmt":"2023-09-21T16:04:04","guid":{"rendered":"https:\/\/estado29.mx\/?p=87989"},"modified":"2023-09-21T16:04:05","modified_gmt":"2023-09-21T16:04:05","slug":"juez-vincula-a-proceso-a-masculino-por-violencia-familiar-pgje","status":"publish","type":"post","link":"https:\/\/estado29.mx\/?p=87989","title":{"rendered":"Juez vincula a proceso a masculino por violencia familiar: PGJE"},"content":{"rendered":"\n<p>Tras reunir los elementos probatorios suficientes, el agente del Ministerio P\u00fablico de la Procuradur\u00eda General de Justicia del Estado (PGJE) obtuvo la vinculaci\u00f3n a proceso en contra de Fernando \u00c1ngel N., por el delito de violencia familiar.<\/p>\n\n\n\n<p>Los hechos refieren que, elementos policiacos de la direcci\u00f3n de Seguridad P\u00fablica y Vialidad de San Juan Huactzinco recibieron un reporte para trasladarse a la privada Emilio S\u00e1nchez Piedras, del municipio referido y auxiliar a una mujer que estaba siendo agredida.<\/p>\n\n\n\n<p>Ante este hecho, efectivos policiacos arribaron al lugar y se entrevistaron con la v\u00edctima, quien refiri\u00f3 que su pareja la hab\u00eda agredido verbal y f\u00edsicamente, por ello, el hombre fue puesto a disposici\u00f3n del representante del fuero com\u00fan.<\/p>\n\n\n\n<p>El Ministerio P\u00fablico integr\u00f3 la carpeta de investigaci\u00f3n con los datos probatorios suficientes para que el Juez de la Causa determinara vincularlo a proceso por el delito se\u00f1alado y otorg\u00f3 un plazo de tres meses para el cierre de la investigaci\u00f3n.<\/p>\n\n\n\n<p>De esta manera, la Procuradur\u00eda General de Justicia del Estado mantiene el firme compromiso de hacer cumplir la ley a qui\u00e9n o qui\u00e9nes atenten contra la integridad f\u00edsica de las mujeres.<\/p>\n","protected":false},"excerpt":{"rendered":"<p>Tras reunir los elementos probatorios suficientes, el agente del Ministerio P\u00fablico de la Procuradur\u00eda General de Justicia del Estado (PGJE) obtuvo la vinculaci\u00f3n a proceso en contra de Fernando \u00c1ngel N., por el delito de violencia familiar. Los hechos refieren que, elementos policiacos de la direcci\u00f3n de Seguridad P\u00fablica y Vialidad de San Juan Huactzinco [&hellip;]<\/p>\n","protected":false},"author":4,"featured_media":87990,"comment_status":"open","ping_status":"open","sticky":false,"template":"","format":"standard","meta":{"om_disable_all_campaigns":false,"_monsterinsights_skip_tracking":false,"_monsterinsights_sitenote_active":false,"_monsterinsights_sitenote_note":"","_monsterinsights_sitenote_category":0,"jnews-multi-image_gallery":[],"jnews_single_post":{"subtitle":"","format":"standard","video":"","gallery":"","source_name":"","source_url":"","via_name":"","via_url":"","override_template":"0","override":[{"template":"1","single_blog_custom":"","parallax":"1","fullscreen":"1","layout":"right-sidebar","sidebar":"default-sidebar","second_sidebar":"default-sidebar","sticky_sidebar":"1","share_position":"top","share_float_style":"share-monocrhome","show_share_counter":"1","show_view_counter":"1","show_featured":"1","show_post_meta":"1","show_post_author":"1","show_post_author_image":"1","show_post_date":"1","post_date_format":"default","post_date_format_custom":"Y\/m\/d","show_post_category":"1","show_post_reading_time":"0","post_reading_time_wpm":"300","show_zoom_button":"0","zoom_button_out_step":"2","zoom_button_in_step":"3","show_post_tag":"1","show_prev_next_post":"1","show_popup_post":"1","number_popup_post":"1","show_author_box":"1","show_post_related":"0","show_inline_post_related":"0"}],"override_image_size":"0","image_override":[{"single_post_thumbnail_size":"crop-500","single_post_gallery_size":"crop-500"}],"trending_post":"0","trending_post_position":"meta","trending_post_label":"Trending","sponsored_post":"0","sponsored_post_label":"Sponsored by","sponsored_post_name":"","sponsored_post_url":"","sponsored_post_logo_enable":"0","sponsored_post_logo":"","sponsored_post_desc":"","disable_ad":"0"},"jnews_primary_category":{"id":""},"footnotes":""},"categories":[1],"tags":[110,118,96],"class_list":["post-87989","post","type-post","status-publish","format-standard","has-post-thumbnail","hentry","category-uncategorized","tag-municipios","tag-ssc","tag-tlaxcala"],"aioseo_notices":[],"_links":{"self":[{"href":"https:\/\/estado29.mx\/index.php?rest_route=\/wp\/v2\/posts\/87989","targetHints":{"allow":["GET"]}}],"collection":[{"href":"https:\/\/estado29.mx\/index.php?rest_route=\/wp\/v2\/posts"}],"about":[{"href":"https:\/\/estado29.mx\/index.php?rest_route=\/wp\/v2\/types\/post"}],"author":[{"embeddable":true,"href":"https:\/\/estado29.mx\/index.php?rest_route=\/wp\/v2\/users\/4"}],"replies":[{"embeddable":true,"href":"https:\/\/estado29.mx\/index.php?rest_route=%2Fwp%2Fv2%2Fcomments&post=87989"}],"version-history":[{"count":1,"href":"https:\/\/estado29.mx\/index.php?rest_route=\/wp\/v2\/posts\/87989\/revisions"}],"predecessor-version":[{"id":87991,"href":"https:\/\/estado29.mx\/index.php?rest_route=\/wp\/v2\/posts\/87989\/revisions\/87991"}],"wp:featuredmedia":[{"embeddable":true,"href":"https:\/\/estado29.mx\/index.php?rest_route=\/wp\/v2\/media\/87990"}],"wp:attachment":[{"href":"https:\/\/estado29.mx\/index.php?rest_route=%2Fwp%2Fv2%2Fmedia&parent=87989"}],"wp:term":[{"taxonomy":"category","embeddable":true,"href":"https:\/\/estado29.mx\/index.php?rest_route=%2Fwp%2Fv2%2Fcategories&post=87989"},{"taxonomy":"post_tag","embeddable":true,"href":"https:\/\/estado29.mx\/index.php?rest_route=%2Fwp%2Fv2%2Ftags&post=87989"}],"curies":[{"name":"wp","href":"https:\/\/api.w.org\/{rel}","templated":true}]}}