{"id":87992,"date":"2023-09-21T16:05:47","date_gmt":"2023-09-21T16:05:47","guid":{"rendered":"https:\/\/estado29.mx\/?p=87992"},"modified":"2023-09-21T16:05:48","modified_gmt":"2023-09-21T16:05:48","slug":"imparten-curso-taller-iniciativa-de-capacitacion-en-tecnicas-de-entrevista-para-juezas-y-jueces-del-poder-judicial","status":"publish","type":"post","link":"https:\/\/estado29.mx\/?p=87992","title":{"rendered":"Imparten curso taller &#8220;Iniciativa de Capacitaci\u00f3n en T\u00e9cnicas de Entrevista para Juezas y Jueces del Poder Judicial&#8221;"},"content":{"rendered":"\n<p>El Poder Judicial del Estado, que preside la Magistrada, Mary Cruz Cort\u00e9s Ornelas, imparti\u00f3 el curso taller denominado, &#8220;Iniciativa de Capacitaci\u00f3n en T\u00e9cnicas de Entrevista para Juezas y Jueces del Poder Judicial&#8221;.<\/p>\n\n\n\n<p>El objetivo de esta actividad, es que las Juezas y los Jueces del Poder Judicial del Estado, cuenten con herramientas conceptuales y metodol\u00f3gicas para una eficaz recolecci\u00f3n de informaci\u00f3n, que les ayude a tener un mejor panorama de los sucesos que analizan en sus audiencias.<\/p>\n\n\n\n<p>Al acto protocolario, asisti\u00f3, en representaci\u00f3n de la Magistrada Presidenta del Tribunal Superior de Justicia y del Consejo de la Judicatura del Estado #TSJ-CJE, Mary Cruz Cort\u00e9s Ornelas, la Consejera de la Judicatura, Edith Alejandra Segura Pay\u00e1n; asimismo, la Consejera Violeta Fern\u00e1ndez V\u00e1zquez y el Consejero Rey David Gonz\u00e1lez Gonz\u00e1lez.<\/p>\n\n\n\n<p>Al curso taller, que es impartido por el psic\u00f3logo, Efra\u00edn Moreno Cordourier, tambi\u00e9n asistieren Juezas, Jueces, el encargado del \u00e1rea de Contenci\u00f3n y Servicios Psicol\u00f3gicos, Jes\u00fas Fernando Ram\u00edrez Garc\u00eda y su personal, as\u00ed como servidores p\u00fablicos de lo jurisdiccional y administrativo.<\/p>\n","protected":false},"excerpt":{"rendered":"<p>El Poder Judicial del Estado, que preside la Magistrada, Mary Cruz Cort\u00e9s Ornelas, imparti\u00f3 el curso taller denominado, &#8220;Iniciativa de Capacitaci\u00f3n en T\u00e9cnicas de Entrevista para Juezas y Jueces del Poder Judicial&#8221;. El objetivo de esta actividad, es que las Juezas y los Jueces del Poder Judicial del Estado, cuenten con herramientas conceptuales y metodol\u00f3gicas [&hellip;]<\/p>\n","protected":false},"author":4,"featured_media":87993,"comment_status":"open","ping_status":"open","sticky":false,"template":"","format":"standard","meta":{"om_disable_all_campaigns":false,"_monsterinsights_skip_tracking":false,"_monsterinsights_sitenote_active":false,"_monsterinsights_sitenote_note":"","_monsterinsights_sitenote_category":0,"jnews-multi-image_gallery":[],"jnews_single_post":{"subtitle":"","format":"standard","video":"","gallery":"","source_name":"","source_url":"","via_name":"","via_url":"","override_template":"0","override":[{"template":"1","single_blog_custom":"","parallax":"1","fullscreen":"1","layout":"right-sidebar","sidebar":"default-sidebar","second_sidebar":"default-sidebar","sticky_sidebar":"1","share_position":"top","share_float_style":"share-monocrhome","show_share_counter":"1","show_view_counter":"1","show_featured":"1","show_post_meta":"1","show_post_author":"1","show_post_author_image":"1","show_post_date":"1","post_date_format":"default","post_date_format_custom":"Y\/m\/d","show_post_category":"1","show_post_reading_time":"0","post_reading_time_wpm":"300","show_zoom_button":"0","zoom_button_out_step":"2","zoom_button_in_step":"3","show_post_tag":"1","show_prev_next_post":"1","show_popup_post":"1","number_popup_post":"1","show_author_box":"1","show_post_related":"0","show_inline_post_related":"0"}],"override_image_size":"0","image_override":[{"single_post_thumbnail_size":"crop-500","single_post_gallery_size":"crop-500"}],"trending_post":"0","trending_post_position":"meta","trending_post_label":"Trending","sponsored_post":"0","sponsored_post_label":"Sponsored by","sponsored_post_name":"","sponsored_post_url":"","sponsored_post_logo_enable":"0","sponsored_post_logo":"","sponsored_post_desc":"","disable_ad":"0"},"jnews_primary_category":{"id":""},"footnotes":""},"categories":[1],"tags":[96,271],"class_list":["post-87992","post","type-post","status-publish","format-standard","has-post-thumbnail","hentry","category-uncategorized","tag-tlaxcala","tag-tsje"],"aioseo_notices":[],"_links":{"self":[{"href":"https:\/\/estado29.mx\/index.php?rest_route=\/wp\/v2\/posts\/87992","targetHints":{"allow":["GET"]}}],"collection":[{"href":"https:\/\/estado29.mx\/index.php?rest_route=\/wp\/v2\/posts"}],"about":[{"href":"https:\/\/estado29.mx\/index.php?rest_route=\/wp\/v2\/types\/post"}],"author":[{"embeddable":true,"href":"https:\/\/estado29.mx\/index.php?rest_route=\/wp\/v2\/users\/4"}],"replies":[{"embeddable":true,"href":"https:\/\/estado29.mx\/index.php?rest_route=%2Fwp%2Fv2%2Fcomments&post=87992"}],"version-history":[{"count":1,"href":"https:\/\/estado29.mx\/index.php?rest_route=\/wp\/v2\/posts\/87992\/revisions"}],"predecessor-version":[{"id":87994,"href":"https:\/\/estado29.mx\/index.php?rest_route=\/wp\/v2\/posts\/87992\/revisions\/87994"}],"wp:featuredmedia":[{"embeddable":true,"href":"https:\/\/estado29.mx\/index.php?rest_route=\/wp\/v2\/media\/87993"}],"wp:attachment":[{"href":"https:\/\/estado29.mx\/index.php?rest_route=%2Fwp%2Fv2%2Fmedia&parent=87992"}],"wp:term":[{"taxonomy":"category","embeddable":true,"href":"https:\/\/estado29.mx\/index.php?rest_route=%2Fwp%2Fv2%2Fcategories&post=87992"},{"taxonomy":"post_tag","embeddable":true,"href":"https:\/\/estado29.mx\/index.php?rest_route=%2Fwp%2Fv2%2Ftags&post=87992"}],"curies":[{"name":"wp","href":"https:\/\/api.w.org\/{rel}","templated":true}]}}