{"id":88060,"date":"2023-09-26T18:50:19","date_gmt":"2023-09-26T18:50:19","guid":{"rendered":"https:\/\/estado29.mx\/?p=88060"},"modified":"2023-09-26T18:50:20","modified_gmt":"2023-09-26T18:50:20","slug":"se-realizara-foro-automotriz-tlaxcala-2023","status":"publish","type":"post","link":"https:\/\/estado29.mx\/?p=88060","title":{"rendered":"Se realizar\u00e1 Foro Automotriz Tlaxcala 2023."},"content":{"rendered":"\n<p>Amada Acoltzi Gonz\u00e1les Coordinadora de Desarrollo Econ\u00f3mico y Comercio en el Municipio de Huamantla, refiri\u00f3 que este 27 y 28 de septiembre del a\u00f1o en curso, se llevar\u00e1 a cabo el Foro Automotriz Tlaxcala 2023, el evento tendr\u00e1 lugar en el Centro de Convenciones, a partir de las nueve de la ma\u00f1ana.<\/p>\n\n\n\n<p><br>Acoltzi Gonz\u00e1lez agreg\u00f3 que estas acciones se realizan mediante gestiones de la Secretar\u00eda de Desarrollo Econ\u00f3mico Estatal \u201csi en estos d\u00edas, te comparto, la Secretar\u00eda de Desarrollo Econ\u00f3mico, est\u00e1 organizando, para el d\u00eda 27 y 28 de septiembre, el Foro Automotriz Tlaxcala 2023, la secretar\u00eda quiere que ese sea el punto de encuentro m\u00e1s importante de proveedur\u00eda de l sector automotriz, en la regi\u00f3n\u201d.<\/p>\n\n\n\n<p><br>Resalt\u00f3 que en el evento, se tendr\u00e1n conferencias magistrales, encuentro de negocios, entre otras actividades \u201ctodo lo que tenga qu\u00e9 ver con el sector automotriz, se va a congregar estos dos d\u00edas, el 27 y 28, en el Centro de Convenciones, ah\u00ed es el lugar donde se van a estar llevando a cabo, encuentro de negocios, conferencias magistrales, va a haber un \u00e1rea de exposici\u00f3n donde tambi\u00e9n podemos conocer, para toda la gente que tenga un negocio en el \u00e1rea automotriz pues le puede interesar, se puede acercar, ellos nos han compartido que el foro del a\u00f1o pasado tuvo muy buenos resultados, abrieron puertas y posibilidades para mucha gente aqu\u00ed en lo local y eso nos da mucho gusto\u201d.<\/p>\n\n\n\n<p><br>Para finalizar, hizo la invitaci\u00f3n a todos los comerciantes de este sector a participar en este foro \u201ca veces no vemos c\u00f3mo podemos hacer crecer m\u00e1s nuestro negocio, a qui\u00e9n m\u00e1s le puedo vender y ah\u00ed hay un \u00e1rea muy importante de las empresas, no solo en las que est\u00e1 establecidas en Ciudad Industrial Xicot\u00e9ncatl 1, 2 y 3, sino tambi\u00e9n en algunas otras empresas, del Estado de Puebla, de M\u00e9xico que tambi\u00e9n vienen y participan en estos foros, entonces, habr\u00e1 posibilidades para que nos ayuden a generar m\u00e1s ingresos, para mayores ventas, colocar nuestros productos, y crecer y que la riqueza se genere en todos los sentidos\u201d.<\/p>\n\n\n<figure class=\"wp-block-post-featured-image\"><img loading=\"lazy\" decoding=\"async\" width=\"2560\" height=\"1920\" src=\"https:\/\/estado29.mx\/wp-content\/uploads\/2023\/09\/IMG_20230925_145907-min-scaled.jpg\" class=\"attachment-post-thumbnail size-post-thumbnail wp-post-image\" alt=\"\" style=\"object-fit:cover;\" srcset=\"https:\/\/estado29.mx\/wp-content\/uploads\/2023\/09\/IMG_20230925_145907-min-scaled.jpg 2560w, https:\/\/estado29.mx\/wp-content\/uploads\/2023\/09\/IMG_20230925_145907-min-300x225.jpg 300w, https:\/\/estado29.mx\/wp-content\/uploads\/2023\/09\/IMG_20230925_145907-min-1024x768.jpg 1024w, https:\/\/estado29.mx\/wp-content\/uploads\/2023\/09\/IMG_20230925_145907-min-768x576.jpg 768w, https:\/\/estado29.mx\/wp-content\/uploads\/2023\/09\/IMG_20230925_145907-min-1536x1152.jpg 1536w, https:\/\/estado29.mx\/wp-content\/uploads\/2023\/09\/IMG_20230925_145907-min-2048x1536.jpg 2048w, https:\/\/estado29.mx\/wp-content\/uploads\/2023\/09\/IMG_20230925_145907-min-750x563.jpg 750w, https:\/\/estado29.mx\/wp-content\/uploads\/2023\/09\/IMG_20230925_145907-min-1140x855.jpg 1140w\" sizes=\"auto, (max-width: 2560px) 100vw, 2560px\" \/><\/figure>","protected":false},"excerpt":{"rendered":"<p>Amada Acoltzi Gonz\u00e1les Coordinadora de Desarrollo Econ\u00f3mico y Comercio en el Municipio de Huamantla, refiri\u00f3 que este 27 y 28 de septiembre del a\u00f1o en curso, se llevar\u00e1 a cabo el Foro Automotriz Tlaxcala 2023, el evento tendr\u00e1 lugar en el Centro de Convenciones, a partir de las nueve de la ma\u00f1ana. Acoltzi Gonz\u00e1lez agreg\u00f3 [&hellip;]<\/p>\n","protected":false},"author":7,"featured_media":88042,"comment_status":"open","ping_status":"open","sticky":false,"template":"","format":"standard","meta":{"om_disable_all_campaigns":false,"_monsterinsights_skip_tracking":false,"_monsterinsights_sitenote_active":false,"_monsterinsights_sitenote_note":"","_monsterinsights_sitenote_category":0,"jnews-multi-image_gallery":[],"jnews_single_post":{"subtitle":"","format":"standard","video":"","gallery":"","source_name":"","source_url":"","via_name":"","via_url":"","override_template":"0","override":[{"template":"1","single_blog_custom":"","parallax":"1","fullscreen":"1","layout":"right-sidebar","sidebar":"default-sidebar","second_sidebar":"default-sidebar","sticky_sidebar":"1","share_position":"top","share_float_style":"share-monocrhome","show_share_counter":"1","show_view_counter":"1","show_featured":"1","show_post_meta":"1","show_post_author":"1","show_post_author_image":"1","show_post_date":"1","post_date_format":"default","post_date_format_custom":"Y\/m\/d","show_post_category":"1","show_post_reading_time":"0","post_reading_time_wpm":"300","show_zoom_button":"0","zoom_button_out_step":"2","zoom_button_in_step":"3","show_post_tag":"1","show_prev_next_post":"1","show_popup_post":"1","number_popup_post":"1","show_author_box":"1","show_post_related":"0","show_inline_post_related":"0"}],"override_image_size":"0","image_override":[{"single_post_thumbnail_size":"crop-500","single_post_gallery_size":"crop-500"}],"trending_post":"0","trending_post_position":"meta","trending_post_label":"Trending","sponsored_post":"0","sponsored_post_label":"Sponsored by","sponsored_post_name":"","sponsored_post_url":"","sponsored_post_logo_enable":"0","sponsored_post_logo":"","sponsored_post_desc":"","disable_ad":"0"},"jnews_primary_category":{"id":""},"footnotes":""},"categories":[1],"tags":[],"class_list":["post-88060","post","type-post","status-publish","format-standard","has-post-thumbnail","hentry","category-uncategorized"],"aioseo_notices":[],"_links":{"self":[{"href":"https:\/\/estado29.mx\/index.php?rest_route=\/wp\/v2\/posts\/88060","targetHints":{"allow":["GET"]}}],"collection":[{"href":"https:\/\/estado29.mx\/index.php?rest_route=\/wp\/v2\/posts"}],"about":[{"href":"https:\/\/estado29.mx\/index.php?rest_route=\/wp\/v2\/types\/post"}],"author":[{"embeddable":true,"href":"https:\/\/estado29.mx\/index.php?rest_route=\/wp\/v2\/users\/7"}],"replies":[{"embeddable":true,"href":"https:\/\/estado29.mx\/index.php?rest_route=%2Fwp%2Fv2%2Fcomments&post=88060"}],"version-history":[{"count":1,"href":"https:\/\/estado29.mx\/index.php?rest_route=\/wp\/v2\/posts\/88060\/revisions"}],"predecessor-version":[{"id":88061,"href":"https:\/\/estado29.mx\/index.php?rest_route=\/wp\/v2\/posts\/88060\/revisions\/88061"}],"wp:featuredmedia":[{"embeddable":true,"href":"https:\/\/estado29.mx\/index.php?rest_route=\/wp\/v2\/media\/88042"}],"wp:attachment":[{"href":"https:\/\/estado29.mx\/index.php?rest_route=%2Fwp%2Fv2%2Fmedia&parent=88060"}],"wp:term":[{"taxonomy":"category","embeddable":true,"href":"https:\/\/estado29.mx\/index.php?rest_route=%2Fwp%2Fv2%2Fcategories&post=88060"},{"taxonomy":"post_tag","embeddable":true,"href":"https:\/\/estado29.mx\/index.php?rest_route=%2Fwp%2Fv2%2Ftags&post=88060"}],"curies":[{"name":"wp","href":"https:\/\/api.w.org\/{rel}","templated":true}]}}