{"id":88064,"date":"2023-09-26T19:12:32","date_gmt":"2023-09-26T19:12:32","guid":{"rendered":"https:\/\/estado29.mx\/?p=88064"},"modified":"2023-09-26T19:12:33","modified_gmt":"2023-09-26T19:12:33","slug":"realizaran-en-huamantla-gran-feria-del-empleo","status":"publish","type":"post","link":"https:\/\/estado29.mx\/?p=88064","title":{"rendered":"Realizar\u00e1n en Huamantla Gran Feria del Empleo."},"content":{"rendered":"\n<p>Amada Acoltzi Gonz\u00e1lez, Coordinadora de Desarrollo Econ\u00f3mico en el Municipio de Huamantla, refiri\u00f3 que este jueves 28 de septiembre del a\u00f1o en curso se llevar\u00e1 a cabo en el lugar, una feria del empleo en donde se tendr\u00e1 la participaci\u00f3n de m\u00e1s de 15 empresas con oferta laboral para la ciudadan\u00eda.<\/p>\n\n\n\n<p><br>Acoltzi Gonz\u00e1lez detall\u00f3 que el evento tendr\u00e1 lugar en la Casa del Campesino, con un horario de 11 de la ma\u00f1ana a tres de la tarde \u201cel d\u00eda jueves 28 de septiembre, vamos a tener una gran feria del empleo, nos da mucho gusto poder facilitar, tanto acercar a las empresas que afortunadamente hemos tenido una muy buena respuesta con ellas, nos han abierto la puerta, nos han permitido conocer sus instalaciones, nos han permitido visitarlos, incluso nos han acompa\u00f1ado en diferentes actividades, en actos c\u00edvicos que hemos tenido, y que pues, finalmente la presencia de ellos en estos eventos c\u00edvicos, significa mucho porque ellos traen la representaci\u00f3n de toda la planta laboral, de todos los que trabajan y viven aqu\u00ed en Huamantla y a lo mejor en otros municipios cercanos, pero finalmente ellos los est\u00e1 representando, que gusto poder tenerlos presentes en estos actos c\u00edvicos que en este mes tuvimos la oportunidad de disfrutar y vivir, y de compartir con ellos y de que aceptaran nuestra invitaci\u00f3n, nos dio mucho gusto\u201d.<\/p>\n\n\n\n<p><br>La Coordinadora de Desarrollo, destac\u00f3 que se tendr\u00e1 la participaci\u00f3n de m\u00e1s de 15 empresas \u201ctodos ellos aceptaron la invitaci\u00f3n, tienen vacantes disponibles, nos da mucho gusto poder reunir en un solo lugar, a tantas empresas grandes, importantes, pr\u00f3speras que est\u00e1n trabajando, que siguen laborando y que siguen contratando a la gente de aqu\u00ed de Huamantla, pues para que puedan facilitar tambi\u00e9n estas oportunidades, a muchas familias\u201d.<\/p>\n\n\n<figure class=\"wp-block-post-featured-image\"><img loading=\"lazy\" decoding=\"async\" width=\"550\" height=\"413\" src=\"https:\/\/estado29.mx\/wp-content\/uploads\/2023\/05\/images-2.jpeg\" class=\"attachment-post-thumbnail size-post-thumbnail wp-post-image\" alt=\"\" style=\"object-fit:cover;\" srcset=\"https:\/\/estado29.mx\/wp-content\/uploads\/2023\/05\/images-2.jpeg 550w, https:\/\/estado29.mx\/wp-content\/uploads\/2023\/05\/images-2-300x225.jpeg 300w\" sizes=\"auto, (max-width: 550px) 100vw, 550px\" \/><\/figure>\n\n\n<p><br>Para finalizar pidi\u00f3 a la ciudadan\u00eda, acudir con copias de los documentos b\u00e1sicos, como son; INE, Comprobante de domicilio, Constancia de Situaci\u00f3n Fiscal, CURP y solicitud de empleo \u201cel evento se va a llevar a cabo, en La Casa del Campesino, este pr\u00f3ximo jueves 28 de septiembre, de once de la ma\u00f1ana a tres de la tarde, a los mejor como a dos, porque luego ya en la tardecita como que ya no hay gente, pero ojal\u00e1 que si, realmente esperamos que todo este tiempo haya gente interesada, si no pues nos esperamos hasta los \u00faltimos que podamos orientar e informar, pues con mucho gusto, hay muy buen \u00e1nimo de todas las empresas, yo les ped\u00eda que nos compartieran diferente informaci\u00f3n que tengan ellos de algunos festejos, para que la ciudadan\u00eda los conozca\u201d.<\/p>\n","protected":false},"excerpt":{"rendered":"<p>Amada Acoltzi Gonz\u00e1lez, Coordinadora de Desarrollo Econ\u00f3mico en el Municipio de Huamantla, refiri\u00f3 que este jueves 28 de septiembre del a\u00f1o en curso se llevar\u00e1 a cabo en el lugar, una feria del empleo en donde se tendr\u00e1 la participaci\u00f3n de m\u00e1s de 15 empresas con oferta laboral para la ciudadan\u00eda. Acoltzi Gonz\u00e1lez detall\u00f3 que [&hellip;]<\/p>\n","protected":false},"author":7,"featured_media":86439,"comment_status":"open","ping_status":"open","sticky":false,"template":"","format":"standard","meta":{"om_disable_all_campaigns":false,"_monsterinsights_skip_tracking":false,"_monsterinsights_sitenote_active":false,"_monsterinsights_sitenote_note":"","_monsterinsights_sitenote_category":0,"jnews-multi-image_gallery":[],"jnews_single_post":{"subtitle":"","format":"standard","video":"","gallery":"","source_name":"","source_url":"","via_name":"","via_url":"","override_template":"0","override":[{"template":"1","single_blog_custom":"","parallax":"1","fullscreen":"1","layout":"right-sidebar","sidebar":"default-sidebar","second_sidebar":"default-sidebar","sticky_sidebar":"1","share_position":"top","share_float_style":"share-monocrhome","show_share_counter":"1","show_view_counter":"1","show_featured":"1","show_post_meta":"1","show_post_author":"1","show_post_author_image":"1","show_post_date":"1","post_date_format":"default","post_date_format_custom":"Y\/m\/d","show_post_category":"1","show_post_reading_time":"0","post_reading_time_wpm":"300","show_zoom_button":"0","zoom_button_out_step":"2","zoom_button_in_step":"3","show_post_tag":"1","show_prev_next_post":"1","show_popup_post":"1","number_popup_post":"1","show_author_box":"1","show_post_related":"0","show_inline_post_related":"0"}],"override_image_size":"0","image_override":[{"single_post_thumbnail_size":"crop-500","single_post_gallery_size":"crop-500"}],"trending_post":"0","trending_post_position":"meta","trending_post_label":"Trending","sponsored_post":"0","sponsored_post_label":"Sponsored by","sponsored_post_name":"","sponsored_post_url":"","sponsored_post_logo_enable":"0","sponsored_post_logo":"","sponsored_post_desc":"","disable_ad":"0"},"jnews_primary_category":{"id":""},"footnotes":""},"categories":[1],"tags":[],"class_list":["post-88064","post","type-post","status-publish","format-standard","has-post-thumbnail","hentry","category-uncategorized"],"aioseo_notices":[],"_links":{"self":[{"href":"https:\/\/estado29.mx\/index.php?rest_route=\/wp\/v2\/posts\/88064","targetHints":{"allow":["GET"]}}],"collection":[{"href":"https:\/\/estado29.mx\/index.php?rest_route=\/wp\/v2\/posts"}],"about":[{"href":"https:\/\/estado29.mx\/index.php?rest_route=\/wp\/v2\/types\/post"}],"author":[{"embeddable":true,"href":"https:\/\/estado29.mx\/index.php?rest_route=\/wp\/v2\/users\/7"}],"replies":[{"embeddable":true,"href":"https:\/\/estado29.mx\/index.php?rest_route=%2Fwp%2Fv2%2Fcomments&post=88064"}],"version-history":[{"count":1,"href":"https:\/\/estado29.mx\/index.php?rest_route=\/wp\/v2\/posts\/88064\/revisions"}],"predecessor-version":[{"id":88065,"href":"https:\/\/estado29.mx\/index.php?rest_route=\/wp\/v2\/posts\/88064\/revisions\/88065"}],"wp:featuredmedia":[{"embeddable":true,"href":"https:\/\/estado29.mx\/index.php?rest_route=\/wp\/v2\/media\/86439"}],"wp:attachment":[{"href":"https:\/\/estado29.mx\/index.php?rest_route=%2Fwp%2Fv2%2Fmedia&parent=88064"}],"wp:term":[{"taxonomy":"category","embeddable":true,"href":"https:\/\/estado29.mx\/index.php?rest_route=%2Fwp%2Fv2%2Fcategories&post=88064"},{"taxonomy":"post_tag","embeddable":true,"href":"https:\/\/estado29.mx\/index.php?rest_route=%2Fwp%2Fv2%2Ftags&post=88064"}],"curies":[{"name":"wp","href":"https:\/\/api.w.org\/{rel}","templated":true}]}}