{"id":88066,"date":"2023-09-26T19:30:42","date_gmt":"2023-09-26T19:30:42","guid":{"rendered":"https:\/\/estado29.mx\/?p=88066"},"modified":"2023-09-26T19:30:43","modified_gmt":"2023-09-26T19:30:43","slug":"participo-ixtenco-en-festival-internacional-de-pueblos-magicos-2023-en-los-angeles-california","status":"publish","type":"post","link":"https:\/\/estado29.mx\/?p=88066","title":{"rendered":"Particip\u00f3 Ixtenco en festival Internacional de Pueblos M\u00e1gicos 2023 en Los \u00c1ngeles California."},"content":{"rendered":"\n<p>El presidente Municipal de Ixtenco, Renato S\u00e1nchez Rojas, habl\u00f3 sobre la participaci\u00f3n que tuvo el municipio en Los \u00c1ngeles California, donde refiri\u00f3, se tuvo la oportunidad de hacer difusi\u00f3n y promoci\u00f3n de la cultura que se tiene, as\u00ed como costumbres y tradiciones.<\/p>\n\n\n\n<p><br>El este sentido, el alcalde mencion\u00f3 que se tuvo la participaci\u00f3n de 140 de 177 Pueblos M\u00e1gicos \u201cla verdad es una estrategia de promoci\u00f3n del Gobierno Federal innovadora no, me queda claro que es un proceso arriesgado pero, acertado en ese sentido, fueron de los 174 Pueblos m\u00e1gicos fueron 140 me parece, es un excelente n\u00famero, para que hayan asistido, porque adem\u00e1s, estamos hablado de la quinta econom\u00eda mundial, California, lo que representa econ\u00f3micamente\u201d.<\/p>\n\n\n\n<p><br>S\u00e1nchez Rojas, reconoci\u00f3 el esfuerzo del gobierno Federal por implementar estas estrategias con el fin de dar reconocimiento a los Pueblos M\u00e1gicos a nivel Internacional \u201ces un buen esfuerzo de todos, del Gobierno Federal por fortalecer la estrategia, de nosotros porque nos esforzamos por asistir y hacer difusi\u00f3n, a Ixtenco pues le fue muy bien porque tuvimos la oportunidad de difundir nuestra artesan\u00eda con el Consejal Kevin de Le\u00f3n, el Secretario Federal Miguel \u00c1ngel Torruco que por ciento va a estar aqu\u00ed el cinco de octubre\u201d.<\/p>\n\n\n\n<p><br>El edil, mencion\u00f3 que se pudo brindar atenci\u00f3n a unas seiscientas personas, donde se les dio a conocer las costumbres y tradiciones del lugar \u201cen general muy bien digamos, si lo pusi\u00e9ramos en t\u00e9rminos de resultado pues atendimos por lo menos de 400 a 600 personas, d\u00e1ndoles informaci\u00f3n a cerca de la tradici\u00f3n, la cultura, lo que representa m\u00e1s importante al pueblo de Ixtenco, tambi\u00e9n hicimos la exhibici\u00f3n de los productos artesanales, pepenado, hijas de ma\u00edz, confecci\u00f3n de cuadros de semillas, asistimos por lo menos a cinco reuniones, nos hicieron la cordial invitaci\u00f3n al 16 festival de los moles, pero la verdad es que no vamos a poder asistir, porque es muy pronto y adem\u00e1s en dinero tambi\u00e9n\u201d.<\/p>\n\n\n<figure class=\"wp-block-post-featured-image\"><img loading=\"lazy\" decoding=\"async\" width=\"2560\" height=\"1920\" src=\"https:\/\/estado29.mx\/wp-content\/uploads\/2023\/06\/IMG_20230517_112845-min-1-scaled.jpg\" class=\"attachment-post-thumbnail size-post-thumbnail wp-post-image\" alt=\"\" style=\"object-fit:cover;\" srcset=\"https:\/\/estado29.mx\/wp-content\/uploads\/2023\/06\/IMG_20230517_112845-min-1-scaled.jpg 2560w, https:\/\/estado29.mx\/wp-content\/uploads\/2023\/06\/IMG_20230517_112845-min-1-300x225.jpg 300w, https:\/\/estado29.mx\/wp-content\/uploads\/2023\/06\/IMG_20230517_112845-min-1-1024x768.jpg 1024w, https:\/\/estado29.mx\/wp-content\/uploads\/2023\/06\/IMG_20230517_112845-min-1-768x576.jpg 768w, https:\/\/estado29.mx\/wp-content\/uploads\/2023\/06\/IMG_20230517_112845-min-1-1536x1152.jpg 1536w, https:\/\/estado29.mx\/wp-content\/uploads\/2023\/06\/IMG_20230517_112845-min-1-2048x1536.jpg 2048w, https:\/\/estado29.mx\/wp-content\/uploads\/2023\/06\/IMG_20230517_112845-min-1-750x563.jpg 750w, https:\/\/estado29.mx\/wp-content\/uploads\/2023\/06\/IMG_20230517_112845-min-1-1140x855.jpg 1140w\" sizes=\"auto, (max-width: 2560px) 100vw, 2560px\" \/><\/figure>","protected":false},"excerpt":{"rendered":"<p>El presidente Municipal de Ixtenco, Renato S\u00e1nchez Rojas, habl\u00f3 sobre la participaci\u00f3n que tuvo el municipio en Los \u00c1ngeles California, donde refiri\u00f3, se tuvo la oportunidad de hacer difusi\u00f3n y promoci\u00f3n de la cultura que se tiene, as\u00ed como costumbres y tradiciones. El este sentido, el alcalde mencion\u00f3 que se tuvo la participaci\u00f3n de 140 [&hellip;]<\/p>\n","protected":false},"author":7,"featured_media":86734,"comment_status":"open","ping_status":"open","sticky":false,"template":"","format":"standard","meta":{"om_disable_all_campaigns":false,"_monsterinsights_skip_tracking":false,"_monsterinsights_sitenote_active":false,"_monsterinsights_sitenote_note":"","_monsterinsights_sitenote_category":0,"jnews-multi-image_gallery":[],"jnews_single_post":{"subtitle":"","format":"standard","video":"","gallery":"","source_name":"","source_url":"","via_name":"","via_url":"","override_template":"0","override":[{"template":"1","single_blog_custom":"","parallax":"1","fullscreen":"1","layout":"right-sidebar","sidebar":"default-sidebar","second_sidebar":"default-sidebar","sticky_sidebar":"1","share_position":"top","share_float_style":"share-monocrhome","show_share_counter":"1","show_view_counter":"1","show_featured":"1","show_post_meta":"1","show_post_author":"1","show_post_author_image":"1","show_post_date":"1","post_date_format":"default","post_date_format_custom":"Y\/m\/d","show_post_category":"1","show_post_reading_time":"0","post_reading_time_wpm":"300","show_zoom_button":"0","zoom_button_out_step":"2","zoom_button_in_step":"3","show_post_tag":"1","show_prev_next_post":"1","show_popup_post":"1","number_popup_post":"1","show_author_box":"1","show_post_related":"0","show_inline_post_related":"0"}],"override_image_size":"0","image_override":[{"single_post_thumbnail_size":"crop-500","single_post_gallery_size":"crop-500"}],"trending_post":"0","trending_post_position":"meta","trending_post_label":"Trending","sponsored_post":"0","sponsored_post_label":"Sponsored by","sponsored_post_name":"","sponsored_post_url":"","sponsored_post_logo_enable":"0","sponsored_post_logo":"","sponsored_post_desc":"","disable_ad":"0"},"jnews_primary_category":{"id":""},"footnotes":""},"categories":[1],"tags":[],"class_list":["post-88066","post","type-post","status-publish","format-standard","has-post-thumbnail","hentry","category-uncategorized"],"aioseo_notices":[],"_links":{"self":[{"href":"https:\/\/estado29.mx\/index.php?rest_route=\/wp\/v2\/posts\/88066","targetHints":{"allow":["GET"]}}],"collection":[{"href":"https:\/\/estado29.mx\/index.php?rest_route=\/wp\/v2\/posts"}],"about":[{"href":"https:\/\/estado29.mx\/index.php?rest_route=\/wp\/v2\/types\/post"}],"author":[{"embeddable":true,"href":"https:\/\/estado29.mx\/index.php?rest_route=\/wp\/v2\/users\/7"}],"replies":[{"embeddable":true,"href":"https:\/\/estado29.mx\/index.php?rest_route=%2Fwp%2Fv2%2Fcomments&post=88066"}],"version-history":[{"count":1,"href":"https:\/\/estado29.mx\/index.php?rest_route=\/wp\/v2\/posts\/88066\/revisions"}],"predecessor-version":[{"id":88067,"href":"https:\/\/estado29.mx\/index.php?rest_route=\/wp\/v2\/posts\/88066\/revisions\/88067"}],"wp:featuredmedia":[{"embeddable":true,"href":"https:\/\/estado29.mx\/index.php?rest_route=\/wp\/v2\/media\/86734"}],"wp:attachment":[{"href":"https:\/\/estado29.mx\/index.php?rest_route=%2Fwp%2Fv2%2Fmedia&parent=88066"}],"wp:term":[{"taxonomy":"category","embeddable":true,"href":"https:\/\/estado29.mx\/index.php?rest_route=%2Fwp%2Fv2%2Fcategories&post=88066"},{"taxonomy":"post_tag","embeddable":true,"href":"https:\/\/estado29.mx\/index.php?rest_route=%2Fwp%2Fv2%2Ftags&post=88066"}],"curies":[{"name":"wp","href":"https:\/\/api.w.org\/{rel}","templated":true}]}}