{"id":88076,"date":"2023-09-27T19:23:15","date_gmt":"2023-09-27T19:23:15","guid":{"rendered":"https:\/\/estado29.mx\/?p=88076"},"modified":"2023-09-27T19:23:16","modified_gmt":"2023-09-27T19:23:16","slug":"dif-de-ixtenco-comprometido-con-ciudadania-en-situacion-vulnerable","status":"publish","type":"post","link":"https:\/\/estado29.mx\/?p=88076","title":{"rendered":"DIF de Ixtenco comprometido con ciudadan\u00eda en situaci\u00f3n vulnerable."},"content":{"rendered":"\n<p>La Presidenta Honor\u00edfica del Sistema Municipal para del Desarrollo Integral de la Familia en Ixtenco (SMDIF), Greta Cort\u00e9s Ortega, extern\u00f3 que comprimos de esta are\u00e1 del ayuntamiento hacia las familias del lugar, sobre todo, las que se encuentran en situaci\u00f3n vulnerable \u201ces para m\u00ed un gusto poder expresar a la audiencia de Radio Huamantla, todo lo que estamos trabajando en Ixtenco, desde hace m\u00e1s de dos a\u00f1os\u201d.<\/p>\n\n\n\n<p><br>Destac\u00f3 que el SMDIF, est\u00e1 comprometido en realizar gestiones, para garantizar el bienestar de la poblaci\u00f3n \u201cen el Dif estamos comprometidos con el apoyo a la vulnerabilidad, hac\u00eda la ayuda de las personas, no solamente econ\u00f3mica, sino en salud\u201d.<\/p>\n\n\n\n<p><br>Para finalizar, dijo que se han encaminado los trabajos en beneficio de la salud de personas con discapacidad o dificultad para moverse, as\u00ed como de quienes tienen alg\u00fan padecimiento psicol\u00f3gico \u201csobre todo, hemos encaminado nuestros esfuerzos a la salud de la poblaci\u00f3n, principalmente para personas con discapacidad y dificultad para moverse, o\u00edr o para hablar o alg\u00fan tema psicol\u00f3gico, entonces nuestros servicios han estado m\u00e1s enfocados a eso\u201d.<\/p>\n\n\n<figure class=\"wp-block-post-featured-image\"><img loading=\"lazy\" decoding=\"async\" width=\"2560\" height=\"1920\" src=\"https:\/\/estado29.mx\/wp-content\/uploads\/2023\/09\/IMG_20230926_122224-min-scaled.jpg\" class=\"attachment-post-thumbnail size-post-thumbnail wp-post-image\" alt=\"\" style=\"object-fit:cover;\" srcset=\"https:\/\/estado29.mx\/wp-content\/uploads\/2023\/09\/IMG_20230926_122224-min-scaled.jpg 2560w, https:\/\/estado29.mx\/wp-content\/uploads\/2023\/09\/IMG_20230926_122224-min-300x225.jpg 300w, https:\/\/estado29.mx\/wp-content\/uploads\/2023\/09\/IMG_20230926_122224-min-1024x768.jpg 1024w, https:\/\/estado29.mx\/wp-content\/uploads\/2023\/09\/IMG_20230926_122224-min-768x576.jpg 768w, https:\/\/estado29.mx\/wp-content\/uploads\/2023\/09\/IMG_20230926_122224-min-1536x1152.jpg 1536w, https:\/\/estado29.mx\/wp-content\/uploads\/2023\/09\/IMG_20230926_122224-min-2048x1536.jpg 2048w, https:\/\/estado29.mx\/wp-content\/uploads\/2023\/09\/IMG_20230926_122224-min-750x563.jpg 750w, https:\/\/estado29.mx\/wp-content\/uploads\/2023\/09\/IMG_20230926_122224-min-1140x855.jpg 1140w\" sizes=\"auto, (max-width: 2560px) 100vw, 2560px\" \/><\/figure>","protected":false},"excerpt":{"rendered":"<p>La Presidenta Honor\u00edfica del Sistema Municipal para del Desarrollo Integral de la Familia en Ixtenco (SMDIF), Greta Cort\u00e9s Ortega, extern\u00f3 que comprimos de esta are\u00e1 del ayuntamiento hacia las familias del lugar, sobre todo, las que se encuentran en situaci\u00f3n vulnerable \u201ces para m\u00ed un gusto poder expresar a la audiencia de Radio Huamantla, todo [&hellip;]<\/p>\n","protected":false},"author":7,"featured_media":88077,"comment_status":"open","ping_status":"open","sticky":false,"template":"","format":"standard","meta":{"om_disable_all_campaigns":false,"_monsterinsights_skip_tracking":false,"_monsterinsights_sitenote_active":false,"_monsterinsights_sitenote_note":"","_monsterinsights_sitenote_category":0,"jnews-multi-image_gallery":[],"jnews_single_post":{"subtitle":"","format":"standard","video":"","gallery":"","source_name":"","source_url":"","via_name":"","via_url":"","override_template":"0","override":[{"template":"1","single_blog_custom":"","parallax":"1","fullscreen":"1","layout":"right-sidebar","sidebar":"default-sidebar","second_sidebar":"default-sidebar","sticky_sidebar":"1","share_position":"top","share_float_style":"share-monocrhome","show_share_counter":"1","show_view_counter":"1","show_featured":"1","show_post_meta":"1","show_post_author":"1","show_post_author_image":"1","show_post_date":"1","post_date_format":"default","post_date_format_custom":"Y\/m\/d","show_post_category":"1","show_post_reading_time":"0","post_reading_time_wpm":"300","show_zoom_button":"0","zoom_button_out_step":"2","zoom_button_in_step":"3","show_post_tag":"1","show_prev_next_post":"1","show_popup_post":"1","number_popup_post":"1","show_author_box":"1","show_post_related":"0","show_inline_post_related":"0"}],"override_image_size":"0","image_override":[{"single_post_thumbnail_size":"crop-500","single_post_gallery_size":"crop-500"}],"trending_post":"0","trending_post_position":"meta","trending_post_label":"Trending","sponsored_post":"0","sponsored_post_label":"Sponsored by","sponsored_post_name":"","sponsored_post_url":"","sponsored_post_logo_enable":"0","sponsored_post_logo":"","sponsored_post_desc":"","disable_ad":"0"},"jnews_primary_category":{"id":""},"footnotes":""},"categories":[1],"tags":[],"class_list":["post-88076","post","type-post","status-publish","format-standard","has-post-thumbnail","hentry","category-uncategorized"],"aioseo_notices":[],"_links":{"self":[{"href":"https:\/\/estado29.mx\/index.php?rest_route=\/wp\/v2\/posts\/88076","targetHints":{"allow":["GET"]}}],"collection":[{"href":"https:\/\/estado29.mx\/index.php?rest_route=\/wp\/v2\/posts"}],"about":[{"href":"https:\/\/estado29.mx\/index.php?rest_route=\/wp\/v2\/types\/post"}],"author":[{"embeddable":true,"href":"https:\/\/estado29.mx\/index.php?rest_route=\/wp\/v2\/users\/7"}],"replies":[{"embeddable":true,"href":"https:\/\/estado29.mx\/index.php?rest_route=%2Fwp%2Fv2%2Fcomments&post=88076"}],"version-history":[{"count":1,"href":"https:\/\/estado29.mx\/index.php?rest_route=\/wp\/v2\/posts\/88076\/revisions"}],"predecessor-version":[{"id":88078,"href":"https:\/\/estado29.mx\/index.php?rest_route=\/wp\/v2\/posts\/88076\/revisions\/88078"}],"wp:featuredmedia":[{"embeddable":true,"href":"https:\/\/estado29.mx\/index.php?rest_route=\/wp\/v2\/media\/88077"}],"wp:attachment":[{"href":"https:\/\/estado29.mx\/index.php?rest_route=%2Fwp%2Fv2%2Fmedia&parent=88076"}],"wp:term":[{"taxonomy":"category","embeddable":true,"href":"https:\/\/estado29.mx\/index.php?rest_route=%2Fwp%2Fv2%2Fcategories&post=88076"},{"taxonomy":"post_tag","embeddable":true,"href":"https:\/\/estado29.mx\/index.php?rest_route=%2Fwp%2Fv2%2Ftags&post=88076"}],"curies":[{"name":"wp","href":"https:\/\/api.w.org\/{rel}","templated":true}]}}