{"id":88081,"date":"2023-09-28T18:09:04","date_gmt":"2023-09-28T18:09:04","guid":{"rendered":"https:\/\/estado29.mx\/?p=88081"},"modified":"2023-09-28T18:09:05","modified_gmt":"2023-09-28T18:09:05","slug":"entregara-secretario-de-turismo-federal-nombramiento-oficial-a-ixtenco-como-pueblo-magico","status":"publish","type":"post","link":"https:\/\/estado29.mx\/?p=88081","title":{"rendered":"Entregar\u00e1 Secretario de Turismo Federal Nombramiento Oficial a Ixtenco como Pueblo M\u00e1gico."},"content":{"rendered":"\n<p>El presidente Municipal de Ixtenco, Renato S\u00e1nchez Rojas, refiri\u00f3 que el pr\u00f3ximo cinco de octubre del a\u00f1o en curso, autoridades Federales, realizar\u00e1n la entrega oficial al lugar, del nombramiento como Pueblo M\u00e1gico \u201csi, bueno ya nos notificaron, vamos a hacer, una exposici\u00f3n artesanal, y al final del evento, este, vamos a hacer una degustaci\u00f3n gastron\u00f3mica, para las autoridades\u201d.<\/p>\n\n\n\n<p><br>En este sentido, el alcalde reconoci\u00f3 el trabajo del Gobierno Federal, por estrechar lazos con los Pueblos M\u00e1gicos, en donde , como parte de este evento tambi\u00e9n se refrendar\u00e1 a Huamantla y Tlaxco esta denominaci\u00f3n \u201cla meta de esto es que el Gobierno Federal est\u00e1 estrechando los lazos, con los Pueblos M\u00e1gicos y me parece una adecuada estrategia el hecho de que vaya personalmente el Secretario, a entregar los nombramientos y mas adecuado todav\u00eda porque tanto a Huamantla, como a Tlaxco, les van a refrendar, el nombramiento no\u201d.<\/p>\n\n\n\n<p><br>Finalmente, el alcalde calific\u00f3 como muy buena esta estrategia por parte de la Secretar\u00eda de Turismo Federal \u201cse me hace tambi\u00e9n un asunto de atenci\u00f3n de parte de la instituci\u00f3n, muy bueno\u201d.<\/p>\n\n\n<figure class=\"wp-block-post-featured-image\"><img loading=\"lazy\" decoding=\"async\" width=\"2560\" height=\"1920\" src=\"https:\/\/estado29.mx\/wp-content\/uploads\/2023\/09\/IMG_20230926_115056-min-scaled.jpg\" class=\"attachment-post-thumbnail size-post-thumbnail wp-post-image\" alt=\"\" style=\"object-fit:cover;\" srcset=\"https:\/\/estado29.mx\/wp-content\/uploads\/2023\/09\/IMG_20230926_115056-min-scaled.jpg 2560w, https:\/\/estado29.mx\/wp-content\/uploads\/2023\/09\/IMG_20230926_115056-min-300x225.jpg 300w, https:\/\/estado29.mx\/wp-content\/uploads\/2023\/09\/IMG_20230926_115056-min-1024x768.jpg 1024w, https:\/\/estado29.mx\/wp-content\/uploads\/2023\/09\/IMG_20230926_115056-min-768x576.jpg 768w, https:\/\/estado29.mx\/wp-content\/uploads\/2023\/09\/IMG_20230926_115056-min-1536x1152.jpg 1536w, https:\/\/estado29.mx\/wp-content\/uploads\/2023\/09\/IMG_20230926_115056-min-2048x1536.jpg 2048w, https:\/\/estado29.mx\/wp-content\/uploads\/2023\/09\/IMG_20230926_115056-min-750x563.jpg 750w, https:\/\/estado29.mx\/wp-content\/uploads\/2023\/09\/IMG_20230926_115056-min-1140x855.jpg 1140w\" sizes=\"auto, (max-width: 2560px) 100vw, 2560px\" \/><\/figure>","protected":false},"excerpt":{"rendered":"<p>El presidente Municipal de Ixtenco, Renato S\u00e1nchez Rojas, refiri\u00f3 que el pr\u00f3ximo cinco de octubre del a\u00f1o en curso, autoridades Federales, realizar\u00e1n la entrega oficial al lugar, del nombramiento como Pueblo M\u00e1gico \u201csi, bueno ya nos notificaron, vamos a hacer, una exposici\u00f3n artesanal, y al final del evento, este, vamos a hacer una degustaci\u00f3n gastron\u00f3mica, [&hellip;]<\/p>\n","protected":false},"author":7,"featured_media":88082,"comment_status":"open","ping_status":"open","sticky":false,"template":"","format":"standard","meta":{"om_disable_all_campaigns":false,"_monsterinsights_skip_tracking":false,"_monsterinsights_sitenote_active":false,"_monsterinsights_sitenote_note":"","_monsterinsights_sitenote_category":0,"jnews-multi-image_gallery":[],"jnews_single_post":{"subtitle":"","format":"standard","video":"","gallery":"","source_name":"","source_url":"","via_name":"","via_url":"","override_template":"0","override":[{"template":"1","single_blog_custom":"","parallax":"1","fullscreen":"1","layout":"right-sidebar","sidebar":"default-sidebar","second_sidebar":"default-sidebar","sticky_sidebar":"1","share_position":"top","share_float_style":"share-monocrhome","show_share_counter":"1","show_view_counter":"1","show_featured":"1","show_post_meta":"1","show_post_author":"1","show_post_author_image":"1","show_post_date":"1","post_date_format":"default","post_date_format_custom":"Y\/m\/d","show_post_category":"1","show_post_reading_time":"0","post_reading_time_wpm":"300","show_zoom_button":"0","zoom_button_out_step":"2","zoom_button_in_step":"3","show_post_tag":"1","show_prev_next_post":"1","show_popup_post":"1","number_popup_post":"1","show_author_box":"1","show_post_related":"0","show_inline_post_related":"0"}],"override_image_size":"0","image_override":[{"single_post_thumbnail_size":"crop-500","single_post_gallery_size":"crop-500"}],"trending_post":"0","trending_post_position":"meta","trending_post_label":"Trending","sponsored_post":"0","sponsored_post_label":"Sponsored by","sponsored_post_name":"","sponsored_post_url":"","sponsored_post_logo_enable":"0","sponsored_post_logo":"","sponsored_post_desc":"","disable_ad":"0"},"jnews_primary_category":{"id":""},"footnotes":""},"categories":[1],"tags":[],"class_list":["post-88081","post","type-post","status-publish","format-standard","has-post-thumbnail","hentry","category-uncategorized"],"aioseo_notices":[],"_links":{"self":[{"href":"https:\/\/estado29.mx\/index.php?rest_route=\/wp\/v2\/posts\/88081","targetHints":{"allow":["GET"]}}],"collection":[{"href":"https:\/\/estado29.mx\/index.php?rest_route=\/wp\/v2\/posts"}],"about":[{"href":"https:\/\/estado29.mx\/index.php?rest_route=\/wp\/v2\/types\/post"}],"author":[{"embeddable":true,"href":"https:\/\/estado29.mx\/index.php?rest_route=\/wp\/v2\/users\/7"}],"replies":[{"embeddable":true,"href":"https:\/\/estado29.mx\/index.php?rest_route=%2Fwp%2Fv2%2Fcomments&post=88081"}],"version-history":[{"count":1,"href":"https:\/\/estado29.mx\/index.php?rest_route=\/wp\/v2\/posts\/88081\/revisions"}],"predecessor-version":[{"id":88083,"href":"https:\/\/estado29.mx\/index.php?rest_route=\/wp\/v2\/posts\/88081\/revisions\/88083"}],"wp:featuredmedia":[{"embeddable":true,"href":"https:\/\/estado29.mx\/index.php?rest_route=\/wp\/v2\/media\/88082"}],"wp:attachment":[{"href":"https:\/\/estado29.mx\/index.php?rest_route=%2Fwp%2Fv2%2Fmedia&parent=88081"}],"wp:term":[{"taxonomy":"category","embeddable":true,"href":"https:\/\/estado29.mx\/index.php?rest_route=%2Fwp%2Fv2%2Fcategories&post=88081"},{"taxonomy":"post_tag","embeddable":true,"href":"https:\/\/estado29.mx\/index.php?rest_route=%2Fwp%2Fv2%2Ftags&post=88081"}],"curies":[{"name":"wp","href":"https:\/\/api.w.org\/{rel}","templated":true}]}}