{"id":88088,"date":"2023-09-29T00:27:02","date_gmt":"2023-09-29T00:27:02","guid":{"rendered":"https:\/\/estado29.mx\/?p=88088"},"modified":"2023-09-29T00:27:03","modified_gmt":"2023-09-29T00:27:03","slug":"buena-participacion-en-desarrollo-en-feria-del-empleo-en-huamantla","status":"publish","type":"post","link":"https:\/\/estado29.mx\/?p=88088","title":{"rendered":"Buena participaci\u00f3n en desarrollo en Feria del Empleo en Huamantla."},"content":{"rendered":"\n<p>Este jueves 28 de septiembre del a\u00f1o en curso, se llev\u00f3 a cabo en el Municipio de Huamantla, la Feria del Empleo, Amada Acoltzi Gonz\u00e1lez, Coordinadora de Desarrollo Econ\u00f3mico y Comercio, resalt\u00f3 que se tuvo una buena participaci\u00f3n por parte de la ciudadan\u00eda.<\/p>\n\n\n\n<p><br>En este sentido, Acoltzi Gonz\u00e1lez detall\u00f3 que se tuvo la participaci\u00f3n de alrededor de 19 empresas de diferentes sectores \u201cnos da much\u00edsimo gusto, poder informar, compartir con todo el auditorio, que afortunadamente hemos tenido una jornada llena de satisfacci\u00f3n, de alegr\u00eda, hemos visto resultado, mucha gente que se ha acercado el d\u00eda de hoy a recibir esta informaci\u00f3n, a conocer a las empresas que el d\u00eda de hoy participaron, tuvimos 19 empresas hoy, que afortunadamente, han dado esta apertura, esta posibilidad, de darse a conocer y tambi\u00e9n de ofrecer la bolsa de trabajo que cada una de ellas, trajo\u201d.<\/p>\n\n\n\n<figure class=\"wp-block-image size-large is-resized\"><img loading=\"lazy\" decoding=\"async\" src=\"https:\/\/estado29.mx\/wp-content\/uploads\/2023\/09\/IMG_20230928_143512-min-1024x768.jpg\" alt=\"\" class=\"wp-image-88090\" width=\"332\" height=\"248\" srcset=\"https:\/\/estado29.mx\/wp-content\/uploads\/2023\/09\/IMG_20230928_143512-min-1024x768.jpg 1024w, https:\/\/estado29.mx\/wp-content\/uploads\/2023\/09\/IMG_20230928_143512-min-300x225.jpg 300w, https:\/\/estado29.mx\/wp-content\/uploads\/2023\/09\/IMG_20230928_143512-min-768x576.jpg 768w, https:\/\/estado29.mx\/wp-content\/uploads\/2023\/09\/IMG_20230928_143512-min-1536x1152.jpg 1536w, https:\/\/estado29.mx\/wp-content\/uploads\/2023\/09\/IMG_20230928_143512-min-2048x1536.jpg 2048w, https:\/\/estado29.mx\/wp-content\/uploads\/2023\/09\/IMG_20230928_143512-min-750x563.jpg 750w, https:\/\/estado29.mx\/wp-content\/uploads\/2023\/09\/IMG_20230928_143512-min-1140x855.jpg 1140w\" sizes=\"auto, (max-width: 332px) 100vw, 332px\" \/><\/figure>\n\n\n\n<p>Asimismo, Daniela P\u00e9rez, quien acudi\u00f3 a solicitar empleo, coment\u00f3 que el pr\u00f3ximo lunes, ya se presentar\u00e1 a trabajar, quien a su vez, coment\u00f3 que ser\u00eda importante realizar este tipo de actividades con mayor frecuencia en el lugar \u201cpues bueno, ya r\u00e1pido me contrataron, ya el lunes me presento a trabajar, me siento bien por que s\u00ed hace falta, luego va uno a las empresas y no los contratan inmediatamente, como quiere, pero ahorita ya obtuve lo que quer\u00eda, ojal\u00e1 lo hicieran m\u00e1s seguido, para las personas que no tienen trabajo, que luego por no tener trabajo hay muchos delincuentes\u201d.<\/p>\n\n\n\n<p>Por su parte, Yesica de Jes\u00fas, representante de la empresa automotriz Sevi Industrias M\u00e9xico, reconoci\u00f3 la participaci\u00f3n de la ciudadan\u00eda, a quienes consider\u00f3 parte fundamental del progreso de Huamantla \u201cla verdad es que hubo muy buena participaci\u00f3n por parte del personal, la verdad es que los ciudadanos huamantlenses si se prestan para este tipo de eventos, mes sorprendi\u00f3 la cantidad de personas que existieron, pero si son parte fundamental para progresar en Huamantla\u201d.<\/p>\n\n\n<figure class=\"wp-block-post-featured-image\"><img loading=\"lazy\" decoding=\"async\" width=\"2560\" height=\"1920\" src=\"https:\/\/estado29.mx\/wp-content\/uploads\/2023\/09\/IMG_20230928_143603-min-scaled.jpg\" class=\"attachment-post-thumbnail size-post-thumbnail wp-post-image\" alt=\"\" style=\"object-fit:cover;\" srcset=\"https:\/\/estado29.mx\/wp-content\/uploads\/2023\/09\/IMG_20230928_143603-min-scaled.jpg 2560w, https:\/\/estado29.mx\/wp-content\/uploads\/2023\/09\/IMG_20230928_143603-min-300x225.jpg 300w, https:\/\/estado29.mx\/wp-content\/uploads\/2023\/09\/IMG_20230928_143603-min-1024x768.jpg 1024w, https:\/\/estado29.mx\/wp-content\/uploads\/2023\/09\/IMG_20230928_143603-min-768x576.jpg 768w, https:\/\/estado29.mx\/wp-content\/uploads\/2023\/09\/IMG_20230928_143603-min-1536x1152.jpg 1536w, https:\/\/estado29.mx\/wp-content\/uploads\/2023\/09\/IMG_20230928_143603-min-2048x1536.jpg 2048w, https:\/\/estado29.mx\/wp-content\/uploads\/2023\/09\/IMG_20230928_143603-min-750x563.jpg 750w, https:\/\/estado29.mx\/wp-content\/uploads\/2023\/09\/IMG_20230928_143603-min-1140x855.jpg 1140w\" sizes=\"auto, (max-width: 2560px) 100vw, 2560px\" \/><\/figure>","protected":false},"excerpt":{"rendered":"<p>Este jueves 28 de septiembre del a\u00f1o en curso, se llev\u00f3 a cabo en el Municipio de Huamantla, la Feria del Empleo, Amada Acoltzi Gonz\u00e1lez, Coordinadora de Desarrollo Econ\u00f3mico y Comercio, resalt\u00f3 que se tuvo una buena participaci\u00f3n por parte de la ciudadan\u00eda. En este sentido, Acoltzi Gonz\u00e1lez detall\u00f3 que se tuvo la participaci\u00f3n de [&hellip;]<\/p>\n","protected":false},"author":7,"featured_media":88089,"comment_status":"open","ping_status":"open","sticky":false,"template":"","format":"standard","meta":{"om_disable_all_campaigns":false,"_monsterinsights_skip_tracking":false,"_monsterinsights_sitenote_active":false,"_monsterinsights_sitenote_note":"","_monsterinsights_sitenote_category":0,"jnews-multi-image_gallery":[],"jnews_single_post":{"subtitle":"","format":"standard","video":"","gallery":"","source_name":"","source_url":"","via_name":"","via_url":"","override_template":"0","override":[{"template":"1","single_blog_custom":"","parallax":"1","fullscreen":"1","layout":"right-sidebar","sidebar":"default-sidebar","second_sidebar":"default-sidebar","sticky_sidebar":"1","share_position":"top","share_float_style":"share-monocrhome","show_share_counter":"1","show_view_counter":"1","show_featured":"1","show_post_meta":"1","show_post_author":"1","show_post_author_image":"1","show_post_date":"1","post_date_format":"default","post_date_format_custom":"Y\/m\/d","show_post_category":"1","show_post_reading_time":"0","post_reading_time_wpm":"300","show_zoom_button":"0","zoom_button_out_step":"2","zoom_button_in_step":"3","show_post_tag":"1","show_prev_next_post":"1","show_popup_post":"1","number_popup_post":"1","show_author_box":"1","show_post_related":"0","show_inline_post_related":"0"}],"override_image_size":"0","image_override":[{"single_post_thumbnail_size":"crop-500","single_post_gallery_size":"crop-500"}],"trending_post":"0","trending_post_position":"meta","trending_post_label":"Trending","sponsored_post":"0","sponsored_post_label":"Sponsored by","sponsored_post_name":"","sponsored_post_url":"","sponsored_post_logo_enable":"0","sponsored_post_logo":"","sponsored_post_desc":"","disable_ad":"0"},"jnews_primary_category":{"id":""},"footnotes":""},"categories":[1],"tags":[],"class_list":["post-88088","post","type-post","status-publish","format-standard","has-post-thumbnail","hentry","category-uncategorized"],"aioseo_notices":[],"_links":{"self":[{"href":"https:\/\/estado29.mx\/index.php?rest_route=\/wp\/v2\/posts\/88088","targetHints":{"allow":["GET"]}}],"collection":[{"href":"https:\/\/estado29.mx\/index.php?rest_route=\/wp\/v2\/posts"}],"about":[{"href":"https:\/\/estado29.mx\/index.php?rest_route=\/wp\/v2\/types\/post"}],"author":[{"embeddable":true,"href":"https:\/\/estado29.mx\/index.php?rest_route=\/wp\/v2\/users\/7"}],"replies":[{"embeddable":true,"href":"https:\/\/estado29.mx\/index.php?rest_route=%2Fwp%2Fv2%2Fcomments&post=88088"}],"version-history":[{"count":1,"href":"https:\/\/estado29.mx\/index.php?rest_route=\/wp\/v2\/posts\/88088\/revisions"}],"predecessor-version":[{"id":88091,"href":"https:\/\/estado29.mx\/index.php?rest_route=\/wp\/v2\/posts\/88088\/revisions\/88091"}],"wp:featuredmedia":[{"embeddable":true,"href":"https:\/\/estado29.mx\/index.php?rest_route=\/wp\/v2\/media\/88089"}],"wp:attachment":[{"href":"https:\/\/estado29.mx\/index.php?rest_route=%2Fwp%2Fv2%2Fmedia&parent=88088"}],"wp:term":[{"taxonomy":"category","embeddable":true,"href":"https:\/\/estado29.mx\/index.php?rest_route=%2Fwp%2Fv2%2Fcategories&post=88088"},{"taxonomy":"post_tag","embeddable":true,"href":"https:\/\/estado29.mx\/index.php?rest_route=%2Fwp%2Fv2%2Ftags&post=88088"}],"curies":[{"name":"wp","href":"https:\/\/api.w.org\/{rel}","templated":true}]}}