{"id":88099,"date":"2023-09-29T19:07:27","date_gmt":"2023-09-29T19:07:27","guid":{"rendered":"https:\/\/estado29.mx\/?p=88099"},"modified":"2023-09-29T19:07:28","modified_gmt":"2023-09-29T19:07:28","slug":"describe-cronista-de-huamantla-acontecimientos-importantes-de-plaza-de-toros","status":"publish","type":"post","link":"https:\/\/estado29.mx\/?p=88099","title":{"rendered":"Describe Cronista de Huamantla acontecimientos importantes de Plaza de Toros."},"content":{"rendered":"\n<p>El Cronista del Municipio de Huamantla, Jos\u00e9 Hern\u00e1ndez Castillo, destac\u00f3 algunos acontecimientos de La Plaza de Toros La Taurina del lugar, la cu\u00e1l ser\u00e1 sede de algunos encuentros, del Campeonato Mundial de Voleibol de Playa Tlaxcala 2023, que se llevar\u00e1 a cabo del 5 al 15 de octubre del presente a\u00f1o, as\u00ed como las diversas contribuciones que ha realizado su familia \u201cbueno, creo que todos los tlaxcaltecas debemos de colaborar, con la Gobernadora, con todos los que est\u00e1n organizando este evento mundial, porque va a ser en la Plaza Toros de Huamantla, una de sus sedes, nosotros somos vecinos de la Plaza de Toros\u201d.<\/p>\n\n\n<figure class=\"wp-block-post-featured-image\"><img loading=\"lazy\" decoding=\"async\" width=\"701\" height=\"437\" src=\"https:\/\/estado29.mx\/wp-content\/uploads\/2023\/09\/images-5.jpeg\" class=\"attachment-post-thumbnail size-post-thumbnail wp-post-image\" alt=\"\" style=\"object-fit:cover;\" srcset=\"https:\/\/estado29.mx\/wp-content\/uploads\/2023\/09\/images-5.jpeg 701w, https:\/\/estado29.mx\/wp-content\/uploads\/2023\/09\/images-5-300x187.jpeg 300w\" sizes=\"auto, (max-width: 701px) 100vw, 701px\" \/><\/figure>\n\n\n<p><br>En este sentido Hern\u00e1ndez Castillo, habl\u00f3 de las diversas contribuciones que ha realizado junto con su familia para la evoluci\u00f3n de esta plaza \u201cme ha tocado as\u00ed por suerte, desde que inicia la Plaza de Toros Emilio Vallejo, me toc\u00f3 hacer las puertas corredizas, varios mecanismos de la Plaza de Toros, posteriormente cuando Fortino S\u00e1nchez la ampli\u00f3 y la manda a techar, el taller de la familia Hern\u00e1ndez, es quien se encarg\u00f3 de techar la plaza, por primera vez, con una lona\u201d.<\/p>\n\n\n\n<p><br>Para finalizar, resalt\u00f3 la importancia del los tlaxcaltecas en el desarrollo de este Campeonato Mundial que se efectuar\u00e1 en los pr\u00f3ximos d\u00edas \u201cposteriormente ah\u00ed se realiza la Ceremonia del d\u00eda primero de enero, de cada a\u00f1o, con el Se\u00f1or del Convento, entonces en el centro hay un altar giratorio, que tambi\u00e9n fue construido por nosotros, hoy le da mantenimiento otra familia, la familia Rodr\u00edguez pero el aparato fue hecho en el taller de la familia Hern\u00e1ndez, all\u00e1 con mis hermanos y mis hijos\u201d.<\/p>\n","protected":false},"excerpt":{"rendered":"<p>El Cronista del Municipio de Huamantla, Jos\u00e9 Hern\u00e1ndez Castillo, destac\u00f3 algunos acontecimientos de La Plaza de Toros La Taurina del lugar, la cu\u00e1l ser\u00e1 sede de algunos encuentros, del Campeonato Mundial de Voleibol de Playa Tlaxcala 2023, que se llevar\u00e1 a cabo del 5 al 15 de octubre del presente a\u00f1o, as\u00ed como las diversas [&hellip;]<\/p>\n","protected":false},"author":7,"featured_media":88100,"comment_status":"open","ping_status":"open","sticky":false,"template":"","format":"standard","meta":{"om_disable_all_campaigns":false,"_monsterinsights_skip_tracking":false,"_monsterinsights_sitenote_active":false,"_monsterinsights_sitenote_note":"","_monsterinsights_sitenote_category":0,"jnews-multi-image_gallery":[],"jnews_single_post":{"subtitle":"","format":"standard","video":"","gallery":"","source_name":"","source_url":"","via_name":"","via_url":"","override_template":"0","override":[{"template":"1","single_blog_custom":"","parallax":"1","fullscreen":"1","layout":"right-sidebar","sidebar":"default-sidebar","second_sidebar":"default-sidebar","sticky_sidebar":"1","share_position":"top","share_float_style":"share-monocrhome","show_share_counter":"1","show_view_counter":"1","show_featured":"1","show_post_meta":"1","show_post_author":"1","show_post_author_image":"1","show_post_date":"1","post_date_format":"default","post_date_format_custom":"Y\/m\/d","show_post_category":"1","show_post_reading_time":"0","post_reading_time_wpm":"300","show_zoom_button":"0","zoom_button_out_step":"2","zoom_button_in_step":"3","show_post_tag":"1","show_prev_next_post":"1","show_popup_post":"1","number_popup_post":"1","show_author_box":"1","show_post_related":"0","show_inline_post_related":"0"}],"override_image_size":"0","image_override":[{"single_post_thumbnail_size":"crop-500","single_post_gallery_size":"crop-500"}],"trending_post":"0","trending_post_position":"meta","trending_post_label":"Trending","sponsored_post":"0","sponsored_post_label":"Sponsored by","sponsored_post_name":"","sponsored_post_url":"","sponsored_post_logo_enable":"0","sponsored_post_logo":"","sponsored_post_desc":"","disable_ad":"0"},"jnews_primary_category":{"id":""},"footnotes":""},"categories":[1],"tags":[],"class_list":["post-88099","post","type-post","status-publish","format-standard","has-post-thumbnail","hentry","category-uncategorized"],"aioseo_notices":[],"_links":{"self":[{"href":"https:\/\/estado29.mx\/index.php?rest_route=\/wp\/v2\/posts\/88099","targetHints":{"allow":["GET"]}}],"collection":[{"href":"https:\/\/estado29.mx\/index.php?rest_route=\/wp\/v2\/posts"}],"about":[{"href":"https:\/\/estado29.mx\/index.php?rest_route=\/wp\/v2\/types\/post"}],"author":[{"embeddable":true,"href":"https:\/\/estado29.mx\/index.php?rest_route=\/wp\/v2\/users\/7"}],"replies":[{"embeddable":true,"href":"https:\/\/estado29.mx\/index.php?rest_route=%2Fwp%2Fv2%2Fcomments&post=88099"}],"version-history":[{"count":1,"href":"https:\/\/estado29.mx\/index.php?rest_route=\/wp\/v2\/posts\/88099\/revisions"}],"predecessor-version":[{"id":88101,"href":"https:\/\/estado29.mx\/index.php?rest_route=\/wp\/v2\/posts\/88099\/revisions\/88101"}],"wp:featuredmedia":[{"embeddable":true,"href":"https:\/\/estado29.mx\/index.php?rest_route=\/wp\/v2\/media\/88100"}],"wp:attachment":[{"href":"https:\/\/estado29.mx\/index.php?rest_route=%2Fwp%2Fv2%2Fmedia&parent=88099"}],"wp:term":[{"taxonomy":"category","embeddable":true,"href":"https:\/\/estado29.mx\/index.php?rest_route=%2Fwp%2Fv2%2Fcategories&post=88099"},{"taxonomy":"post_tag","embeddable":true,"href":"https:\/\/estado29.mx\/index.php?rest_route=%2Fwp%2Fv2%2Ftags&post=88099"}],"curies":[{"name":"wp","href":"https:\/\/api.w.org\/{rel}","templated":true}]}}