{"id":88114,"date":"2023-10-03T19:09:25","date_gmt":"2023-10-03T19:09:25","guid":{"rendered":"https:\/\/estado29.mx\/?p=88114"},"modified":"2023-10-03T19:09:26","modified_gmt":"2023-10-03T19:09:26","slug":"se-preve-realizar-mas-ferias-de-empleo-en-huamantla-coordinadora-de-desarrollo-economico-y-comercio","status":"publish","type":"post","link":"https:\/\/estado29.mx\/?p=88114","title":{"rendered":"Se prev\u00e9 realizar m\u00e1s Ferias de Empleo en Huamantla: Coordinadora de Desarrollo Econ\u00f3mico y Comercio."},"content":{"rendered":"\n<p>Amada Acoltzi Gonz\u00e1lez, Coordinadora de Desarrollo Econ\u00f3mico y Comercio en Huamantla, refiri\u00f3 que se tiene previsto en pr\u00f3ximas fechas, realizar m\u00e1s ferias de empleo y incluso, hacer una Feria Nacional de Empleo, con sede en Huamantla.<\/p>\n\n\n\n<p><br>Acoltzi Gonz\u00e1lez, detall\u00f3 que se contempla tambi\u00e9n la posibilidad de hacer ferias divididas por sectores, como es el caso de hoteler\u00eda \u201cen la ma\u00f1ana coment\u00e1bamos con la Directora del Servicio Nacional de Empleo, que existe la oportunidad y la posibilidad, de realizar otras ferias de empleo, incluso nos comentaba la posibilidad de realizarla por rubro, como por ejemplo, en el \u00e1rea hotelera, me dec\u00eda, yo tengo mucha posibilidad y mucha informaci\u00f3n y el contacto con muchos hoteles, con muchas cadenas, que nos pueden abrir oportunidad de empleo para la gente que quiere irse a trabajar a Canc\u00fan, a Ixtapa o a cualquier otro punto tur\u00edstico, con mucho gusto lo podremos hacer, nos comentaba incluso la posibilidad de tener una Feria Nacional de Empleo y que Huamantla sea sede, nos dar\u00eda mucho gusto que as\u00ed fuera&#8221;.<\/p>\n\n\n<figure class=\"wp-block-post-featured-image\"><img loading=\"lazy\" decoding=\"async\" width=\"2560\" height=\"1920\" src=\"https:\/\/estado29.mx\/wp-content\/uploads\/2023\/09\/IMG_20230925_145907-min-scaled.jpg\" class=\"attachment-post-thumbnail size-post-thumbnail wp-post-image\" alt=\"\" style=\"object-fit:cover;\" srcset=\"https:\/\/estado29.mx\/wp-content\/uploads\/2023\/09\/IMG_20230925_145907-min-scaled.jpg 2560w, https:\/\/estado29.mx\/wp-content\/uploads\/2023\/09\/IMG_20230925_145907-min-300x225.jpg 300w, https:\/\/estado29.mx\/wp-content\/uploads\/2023\/09\/IMG_20230925_145907-min-1024x768.jpg 1024w, https:\/\/estado29.mx\/wp-content\/uploads\/2023\/09\/IMG_20230925_145907-min-768x576.jpg 768w, https:\/\/estado29.mx\/wp-content\/uploads\/2023\/09\/IMG_20230925_145907-min-1536x1152.jpg 1536w, https:\/\/estado29.mx\/wp-content\/uploads\/2023\/09\/IMG_20230925_145907-min-2048x1536.jpg 2048w, https:\/\/estado29.mx\/wp-content\/uploads\/2023\/09\/IMG_20230925_145907-min-750x563.jpg 750w, https:\/\/estado29.mx\/wp-content\/uploads\/2023\/09\/IMG_20230925_145907-min-1140x855.jpg 1140w\" sizes=\"auto, (max-width: 2560px) 100vw, 2560px\" \/><\/figure>","protected":false},"excerpt":{"rendered":"<p>Amada Acoltzi Gonz\u00e1lez, Coordinadora de Desarrollo Econ\u00f3mico y Comercio en Huamantla, refiri\u00f3 que se tiene previsto en pr\u00f3ximas fechas, realizar m\u00e1s ferias de empleo y incluso, hacer una Feria Nacional de Empleo, con sede en Huamantla. Acoltzi Gonz\u00e1lez, detall\u00f3 que se contempla tambi\u00e9n la posibilidad de hacer ferias divididas por sectores, como es el caso [&hellip;]<\/p>\n","protected":false},"author":7,"featured_media":88042,"comment_status":"open","ping_status":"open","sticky":false,"template":"","format":"standard","meta":{"om_disable_all_campaigns":false,"_monsterinsights_skip_tracking":false,"_monsterinsights_sitenote_active":false,"_monsterinsights_sitenote_note":"","_monsterinsights_sitenote_category":0,"jnews-multi-image_gallery":[],"jnews_single_post":{"subtitle":"","format":"standard","video":"","gallery":"","source_name":"","source_url":"","via_name":"","via_url":"","override_template":"0","override":[{"template":"1","single_blog_custom":"","parallax":"1","fullscreen":"1","layout":"right-sidebar","sidebar":"default-sidebar","second_sidebar":"default-sidebar","sticky_sidebar":"1","share_position":"top","share_float_style":"share-monocrhome","show_share_counter":"1","show_view_counter":"1","show_featured":"1","show_post_meta":"1","show_post_author":"1","show_post_author_image":"1","show_post_date":"1","post_date_format":"default","post_date_format_custom":"Y\/m\/d","show_post_category":"1","show_post_reading_time":"0","post_reading_time_wpm":"300","show_zoom_button":"0","zoom_button_out_step":"2","zoom_button_in_step":"3","show_post_tag":"1","show_prev_next_post":"1","show_popup_post":"1","number_popup_post":"1","show_author_box":"1","show_post_related":"0","show_inline_post_related":"0"}],"override_image_size":"0","image_override":[{"single_post_thumbnail_size":"crop-500","single_post_gallery_size":"crop-500"}],"trending_post":"0","trending_post_position":"meta","trending_post_label":"Trending","sponsored_post":"0","sponsored_post_label":"Sponsored by","sponsored_post_name":"","sponsored_post_url":"","sponsored_post_logo_enable":"0","sponsored_post_logo":"","sponsored_post_desc":"","disable_ad":"0"},"jnews_primary_category":{"id":""},"footnotes":""},"categories":[1],"tags":[],"class_list":["post-88114","post","type-post","status-publish","format-standard","has-post-thumbnail","hentry","category-uncategorized"],"aioseo_notices":[],"_links":{"self":[{"href":"https:\/\/estado29.mx\/index.php?rest_route=\/wp\/v2\/posts\/88114","targetHints":{"allow":["GET"]}}],"collection":[{"href":"https:\/\/estado29.mx\/index.php?rest_route=\/wp\/v2\/posts"}],"about":[{"href":"https:\/\/estado29.mx\/index.php?rest_route=\/wp\/v2\/types\/post"}],"author":[{"embeddable":true,"href":"https:\/\/estado29.mx\/index.php?rest_route=\/wp\/v2\/users\/7"}],"replies":[{"embeddable":true,"href":"https:\/\/estado29.mx\/index.php?rest_route=%2Fwp%2Fv2%2Fcomments&post=88114"}],"version-history":[{"count":1,"href":"https:\/\/estado29.mx\/index.php?rest_route=\/wp\/v2\/posts\/88114\/revisions"}],"predecessor-version":[{"id":88115,"href":"https:\/\/estado29.mx\/index.php?rest_route=\/wp\/v2\/posts\/88114\/revisions\/88115"}],"wp:featuredmedia":[{"embeddable":true,"href":"https:\/\/estado29.mx\/index.php?rest_route=\/wp\/v2\/media\/88042"}],"wp:attachment":[{"href":"https:\/\/estado29.mx\/index.php?rest_route=%2Fwp%2Fv2%2Fmedia&parent=88114"}],"wp:term":[{"taxonomy":"category","embeddable":true,"href":"https:\/\/estado29.mx\/index.php?rest_route=%2Fwp%2Fv2%2Fcategories&post=88114"},{"taxonomy":"post_tag","embeddable":true,"href":"https:\/\/estado29.mx\/index.php?rest_route=%2Fwp%2Fv2%2Ftags&post=88114"}],"curies":[{"name":"wp","href":"https:\/\/api.w.org\/{rel}","templated":true}]}}