{"id":88638,"date":"2023-12-20T19:11:02","date_gmt":"2023-12-20T19:11:02","guid":{"rendered":"https:\/\/estado29.mx\/?p=88638"},"modified":"2023-12-20T19:11:03","modified_gmt":"2023-12-20T19:11:03","slug":"se-espera-un-ano-dificil-para-productores-del-campo-de-atltzayanca","status":"publish","type":"post","link":"https:\/\/estado29.mx\/?p=88638","title":{"rendered":"Se espera un a\u00f1o dif\u00edcil para productores del campo de Atltzayanca."},"content":{"rendered":"\n<p>El Presidente Municipal de Atltzayanca, Gustavo Parada Matamoros, refiri\u00f3 que derivado de los dos \u00faltimos a\u00f1os de sequ\u00eda que se han tenido en el lugar, para el pr\u00f3ximo, la administraci\u00f3n que preside, apostara por beneficiar a la ciudadan\u00eda a trav\u00e9s de la gesti\u00f3n de programas sociales, pues se prev\u00e9 un a\u00f1o dif\u00edcil para los productores del campo.<\/p>\n\n\n\n<p><br>El edil enfatiz\u00f3 que el personal trabajar\u00e1 hasta el \u00faltimo d\u00eda, realizando estas gestiones sin perder de vista el tema del desarrollo en las comunidades y cabecera municipal \u201cvamos a hacer un planteamiento, porque viene un a\u00f1o dif\u00edcil para nosotros, porque llevamos dos a\u00f1os de sequ\u00eda y vamos a apostarle un poco a los programas sociales, sin descuidar el desarrollo, porque yo lo he comentado, en dos a\u00f1os cuatro meses, ya logramos ejercer obra en todas las comunidades, las 17 y los 4 Barrios, entonces ahora nos toca, no hemos desatendido el tema social\u201d.<\/p>\n\n\n\n<p><br>Para finalizar, dijo que \u201ccomo viene nuestro a\u00f1o complicado, tenemos que implementar algunos programas, para acercarles alguna despensa, alg\u00fan calentador, un tinaco, no se algo que sea de beneficio porque vamos a padecer un poquito\u201d.<\/p>\n\n\n<figure class=\"wp-block-post-featured-image\"><img loading=\"lazy\" decoding=\"async\" width=\"2560\" height=\"2012\" src=\"https:\/\/estado29.mx\/wp-content\/uploads\/2023\/12\/IMG_20231215_132235-min2-scaled.jpg\" class=\"attachment-post-thumbnail size-post-thumbnail wp-post-image\" alt=\"\" style=\"object-fit:cover;\" srcset=\"https:\/\/estado29.mx\/wp-content\/uploads\/2023\/12\/IMG_20231215_132235-min2-scaled.jpg 2560w, https:\/\/estado29.mx\/wp-content\/uploads\/2023\/12\/IMG_20231215_132235-min2-300x236.jpg 300w, https:\/\/estado29.mx\/wp-content\/uploads\/2023\/12\/IMG_20231215_132235-min2-1024x805.jpg 1024w, https:\/\/estado29.mx\/wp-content\/uploads\/2023\/12\/IMG_20231215_132235-min2-768x604.jpg 768w, https:\/\/estado29.mx\/wp-content\/uploads\/2023\/12\/IMG_20231215_132235-min2-1536x1207.jpg 1536w, https:\/\/estado29.mx\/wp-content\/uploads\/2023\/12\/IMG_20231215_132235-min2-2048x1610.jpg 2048w, https:\/\/estado29.mx\/wp-content\/uploads\/2023\/12\/IMG_20231215_132235-min2-750x589.jpg 750w, https:\/\/estado29.mx\/wp-content\/uploads\/2023\/12\/IMG_20231215_132235-min2-1140x896.jpg 1140w\" sizes=\"auto, (max-width: 2560px) 100vw, 2560px\" \/><\/figure>","protected":false},"excerpt":{"rendered":"<p>El Presidente Municipal de Atltzayanca, Gustavo Parada Matamoros, refiri\u00f3 que derivado de los dos \u00faltimos a\u00f1os de sequ\u00eda que se han tenido en el lugar, para el pr\u00f3ximo, la administraci\u00f3n que preside, apostara por beneficiar a la ciudadan\u00eda a trav\u00e9s de la gesti\u00f3n de programas sociales, pues se prev\u00e9 un a\u00f1o dif\u00edcil para los productores [&hellip;]<\/p>\n","protected":false},"author":7,"featured_media":88639,"comment_status":"open","ping_status":"open","sticky":false,"template":"","format":"standard","meta":{"om_disable_all_campaigns":false,"_monsterinsights_skip_tracking":false,"_monsterinsights_sitenote_active":false,"_monsterinsights_sitenote_note":"","_monsterinsights_sitenote_category":0,"jnews-multi-image_gallery":[],"jnews_single_post":[],"jnews_primary_category":[],"footnotes":""},"categories":[1],"tags":[],"class_list":["post-88638","post","type-post","status-publish","format-standard","has-post-thumbnail","hentry","category-uncategorized"],"aioseo_notices":[],"_links":{"self":[{"href":"https:\/\/estado29.mx\/index.php?rest_route=\/wp\/v2\/posts\/88638","targetHints":{"allow":["GET"]}}],"collection":[{"href":"https:\/\/estado29.mx\/index.php?rest_route=\/wp\/v2\/posts"}],"about":[{"href":"https:\/\/estado29.mx\/index.php?rest_route=\/wp\/v2\/types\/post"}],"author":[{"embeddable":true,"href":"https:\/\/estado29.mx\/index.php?rest_route=\/wp\/v2\/users\/7"}],"replies":[{"embeddable":true,"href":"https:\/\/estado29.mx\/index.php?rest_route=%2Fwp%2Fv2%2Fcomments&post=88638"}],"version-history":[{"count":1,"href":"https:\/\/estado29.mx\/index.php?rest_route=\/wp\/v2\/posts\/88638\/revisions"}],"predecessor-version":[{"id":88640,"href":"https:\/\/estado29.mx\/index.php?rest_route=\/wp\/v2\/posts\/88638\/revisions\/88640"}],"wp:featuredmedia":[{"embeddable":true,"href":"https:\/\/estado29.mx\/index.php?rest_route=\/wp\/v2\/media\/88639"}],"wp:attachment":[{"href":"https:\/\/estado29.mx\/index.php?rest_route=%2Fwp%2Fv2%2Fmedia&parent=88638"}],"wp:term":[{"taxonomy":"category","embeddable":true,"href":"https:\/\/estado29.mx\/index.php?rest_route=%2Fwp%2Fv2%2Fcategories&post=88638"},{"taxonomy":"post_tag","embeddable":true,"href":"https:\/\/estado29.mx\/index.php?rest_route=%2Fwp%2Fv2%2Ftags&post=88638"}],"curies":[{"name":"wp","href":"https:\/\/api.w.org\/{rel}","templated":true}]}}