{"id":88652,"date":"2023-12-25T18:08:05","date_gmt":"2023-12-25T18:08:05","guid":{"rendered":"https:\/\/estado29.mx\/?p=88652"},"modified":"2023-12-25T18:08:07","modified_gmt":"2023-12-25T18:08:07","slug":"la-fiestas-decembrinas-son-momentos-de-reflexion-y-cercania-con-la-familia-gustavo-parada-matamoros","status":"publish","type":"post","link":"https:\/\/estado29.mx\/?p=88652","title":{"rendered":"La fiestas decembrinas son momentos de reflexi\u00f3n y cercan\u00eda con la familia: Gustavo Parada Matamoros."},"content":{"rendered":"\n<p>El Presidente Municipal de Atltzayanca, Gustavo Para da Matamoros, refiri\u00f3 que las fiestas decembrinas son momentos de reflexi\u00f3n, cercan\u00eda y convivencia con las familias.<\/p>\n\n\n\n<p><br>En este sentido el edil, invit\u00f3 a la ciudadan\u00eda a aprovechar y disfrutar el tiempo con sus familiares, pues son momentos \u00fanicos \u201clos invito a vivir estos d\u00edas en familia, a la reflexi\u00f3n, a mantener la cercan\u00eda con nuestros familiares, no todos los d\u00edas es diciembre, hay que convivir con nuestros familiares\u201d.<\/p>\n\n\n\n<p><br>El alcalde refiri\u00f3 que estos momentos son \u00fanicos para disfrutar de nuestros seres queridos \u201ctenemos que aprovechar el tiempo, tenemos que disfrutar de nuestros familiares y seres queridos, pues son momentos \u00fanicos\u201d.<\/p>\n\n\n<figure class=\"wp-block-post-featured-image\"><img loading=\"lazy\" decoding=\"async\" width=\"2560\" height=\"2012\" src=\"https:\/\/estado29.mx\/wp-content\/uploads\/2023\/12\/IMG_20231215_132235-min2-scaled.jpg\" class=\"attachment-post-thumbnail size-post-thumbnail wp-post-image\" alt=\"\" style=\"object-fit:cover;\" srcset=\"https:\/\/estado29.mx\/wp-content\/uploads\/2023\/12\/IMG_20231215_132235-min2-scaled.jpg 2560w, https:\/\/estado29.mx\/wp-content\/uploads\/2023\/12\/IMG_20231215_132235-min2-300x236.jpg 300w, https:\/\/estado29.mx\/wp-content\/uploads\/2023\/12\/IMG_20231215_132235-min2-1024x805.jpg 1024w, https:\/\/estado29.mx\/wp-content\/uploads\/2023\/12\/IMG_20231215_132235-min2-768x604.jpg 768w, https:\/\/estado29.mx\/wp-content\/uploads\/2023\/12\/IMG_20231215_132235-min2-1536x1207.jpg 1536w, https:\/\/estado29.mx\/wp-content\/uploads\/2023\/12\/IMG_20231215_132235-min2-2048x1610.jpg 2048w, https:\/\/estado29.mx\/wp-content\/uploads\/2023\/12\/IMG_20231215_132235-min2-750x589.jpg 750w, https:\/\/estado29.mx\/wp-content\/uploads\/2023\/12\/IMG_20231215_132235-min2-1140x896.jpg 1140w\" sizes=\"auto, (max-width: 2560px) 100vw, 2560px\" \/><\/figure>","protected":false},"excerpt":{"rendered":"<p>El Presidente Municipal de Atltzayanca, Gustavo Para da Matamoros, refiri\u00f3 que las fiestas decembrinas son momentos de reflexi\u00f3n, cercan\u00eda y convivencia con las familias. En este sentido el edil, invit\u00f3 a la ciudadan\u00eda a aprovechar y disfrutar el tiempo con sus familiares, pues son momentos \u00fanicos \u201clos invito a vivir estos d\u00edas en familia, a [&hellip;]<\/p>\n","protected":false},"author":7,"featured_media":88639,"comment_status":"open","ping_status":"open","sticky":false,"template":"","format":"standard","meta":{"om_disable_all_campaigns":false,"_monsterinsights_skip_tracking":false,"_monsterinsights_sitenote_active":false,"_monsterinsights_sitenote_note":"","_monsterinsights_sitenote_category":0,"jnews-multi-image_gallery":[],"jnews_single_post":[],"jnews_primary_category":[],"footnotes":""},"categories":[1],"tags":[],"class_list":["post-88652","post","type-post","status-publish","format-standard","has-post-thumbnail","hentry","category-uncategorized"],"aioseo_notices":[],"_links":{"self":[{"href":"https:\/\/estado29.mx\/index.php?rest_route=\/wp\/v2\/posts\/88652","targetHints":{"allow":["GET"]}}],"collection":[{"href":"https:\/\/estado29.mx\/index.php?rest_route=\/wp\/v2\/posts"}],"about":[{"href":"https:\/\/estado29.mx\/index.php?rest_route=\/wp\/v2\/types\/post"}],"author":[{"embeddable":true,"href":"https:\/\/estado29.mx\/index.php?rest_route=\/wp\/v2\/users\/7"}],"replies":[{"embeddable":true,"href":"https:\/\/estado29.mx\/index.php?rest_route=%2Fwp%2Fv2%2Fcomments&post=88652"}],"version-history":[{"count":1,"href":"https:\/\/estado29.mx\/index.php?rest_route=\/wp\/v2\/posts\/88652\/revisions"}],"predecessor-version":[{"id":88653,"href":"https:\/\/estado29.mx\/index.php?rest_route=\/wp\/v2\/posts\/88652\/revisions\/88653"}],"wp:featuredmedia":[{"embeddable":true,"href":"https:\/\/estado29.mx\/index.php?rest_route=\/wp\/v2\/media\/88639"}],"wp:attachment":[{"href":"https:\/\/estado29.mx\/index.php?rest_route=%2Fwp%2Fv2%2Fmedia&parent=88652"}],"wp:term":[{"taxonomy":"category","embeddable":true,"href":"https:\/\/estado29.mx\/index.php?rest_route=%2Fwp%2Fv2%2Fcategories&post=88652"},{"taxonomy":"post_tag","embeddable":true,"href":"https:\/\/estado29.mx\/index.php?rest_route=%2Fwp%2Fv2%2Ftags&post=88652"}],"curies":[{"name":"wp","href":"https:\/\/api.w.org\/{rel}","templated":true}]}}