{"id":88656,"date":"2023-12-25T18:41:11","date_gmt":"2023-12-25T18:41:11","guid":{"rendered":"https:\/\/estado29.mx\/?p=88656"},"modified":"2023-12-25T18:41:12","modified_gmt":"2023-12-25T18:41:12","slug":"reconoce-coordinacion-de-desarrollo-economico-y-comercio-desempeno-de-trabajadores-de-huamantla","status":"publish","type":"post","link":"https:\/\/estado29.mx\/?p=88656","title":{"rendered":"Reconoce Coordinaci\u00f3n de Desarrollo Econ\u00f3mico y Comercio desempe\u00f1o de trabajadores de Huamantla."},"content":{"rendered":"\n<p>La Coordinadora de Desarrollo Econ\u00f3mico y Comercio en el Municipio de Huamantla, Amada Acoltzi Gonz\u00e1les, reconoci\u00f3 el desempe\u00f1o de los huamantlecos en las diversas labores que desempe\u00f1a en el las empresas.<\/p>\n\n\n<figure class=\"wp-block-post-featured-image\"><img loading=\"lazy\" decoding=\"async\" width=\"2560\" height=\"1920\" src=\"https:\/\/estado29.mx\/wp-content\/uploads\/2023\/12\/IMG_20231214_113408-min-scaled.jpg\" class=\"attachment-post-thumbnail size-post-thumbnail wp-post-image\" alt=\"\" style=\"object-fit:cover;\" srcset=\"https:\/\/estado29.mx\/wp-content\/uploads\/2023\/12\/IMG_20231214_113408-min-scaled.jpg 2560w, https:\/\/estado29.mx\/wp-content\/uploads\/2023\/12\/IMG_20231214_113408-min-300x225.jpg 300w, https:\/\/estado29.mx\/wp-content\/uploads\/2023\/12\/IMG_20231214_113408-min-1024x768.jpg 1024w, https:\/\/estado29.mx\/wp-content\/uploads\/2023\/12\/IMG_20231214_113408-min-768x576.jpg 768w, https:\/\/estado29.mx\/wp-content\/uploads\/2023\/12\/IMG_20231214_113408-min-1536x1152.jpg 1536w, https:\/\/estado29.mx\/wp-content\/uploads\/2023\/12\/IMG_20231214_113408-min-2048x1536.jpg 2048w, https:\/\/estado29.mx\/wp-content\/uploads\/2023\/12\/IMG_20231214_113408-min-750x563.jpg 750w, https:\/\/estado29.mx\/wp-content\/uploads\/2023\/12\/IMG_20231214_113408-min-1140x855.jpg 1140w\" sizes=\"auto, (max-width: 2560px) 100vw, 2560px\" \/><\/figure>\n\n\n<p><br>Acoltzi Gonz\u00e1les, destac\u00f3 que Huamantla se caracteriza y es reconocido por ofrecer trabajo de calidad, pues constantemente las empresas acuden a esta \u00e1rea a realizar reclutamiento de personas \u201cmi reconocimiento para los huamantlecos, en las empresas se han caracterizado por brindar trabajo de calidad, se han caracterizado por dar el cien por ciento en las labores que desempe\u00f1an en sus respectivos trabajos\u201d.<\/p>\n\n\n\n<p><br>Acoltzi Gonz\u00e1les dijo que \u201cconstantemente las empresas se acercan con nosotros para reclutar gente, ha sido una buena respuesta, el acercamiento que hemos generado con ellos ha sido muy bueno\u201d.<\/p>\n","protected":false},"excerpt":{"rendered":"<p>La Coordinadora de Desarrollo Econ\u00f3mico y Comercio en el Municipio de Huamantla, Amada Acoltzi Gonz\u00e1les, reconoci\u00f3 el desempe\u00f1o de los huamantlecos en las diversas labores que desempe\u00f1a en el las empresas. Acoltzi Gonz\u00e1les, destac\u00f3 que Huamantla se caracteriza y es reconocido por ofrecer trabajo de calidad, pues constantemente las empresas acuden a esta \u00e1rea a [&hellip;]<\/p>\n","protected":false},"author":7,"featured_media":88556,"comment_status":"open","ping_status":"open","sticky":false,"template":"","format":"standard","meta":{"om_disable_all_campaigns":false,"_monsterinsights_skip_tracking":false,"_monsterinsights_sitenote_active":false,"_monsterinsights_sitenote_note":"","_monsterinsights_sitenote_category":0,"jnews-multi-image_gallery":[],"jnews_single_post":{"subtitle":"","format":"standard","video":"","gallery":"","source_name":"","source_url":"","via_name":"","via_url":"","override_template":"0","override":[{"template":"1","single_blog_custom":"","parallax":"1","fullscreen":"1","layout":"right-sidebar","sidebar":"default-sidebar","second_sidebar":"default-sidebar","sticky_sidebar":"1","share_position":"top","share_float_style":"share-monocrhome","show_share_counter":"1","show_view_counter":"1","show_featured":"1","show_post_meta":"1","show_post_author":"1","show_post_author_image":"1","show_post_date":"1","post_date_format":"default","post_date_format_custom":"Y\/m\/d","show_post_category":"1","show_post_reading_time":"0","post_reading_time_wpm":"300","show_zoom_button":"0","zoom_button_out_step":"2","zoom_button_in_step":"3","show_post_tag":"1","show_prev_next_post":"1","show_popup_post":"1","number_popup_post":"1","show_author_box":"1","show_post_related":"0","show_inline_post_related":"0"}],"override_image_size":"0","image_override":[{"single_post_thumbnail_size":"crop-500","single_post_gallery_size":"crop-500"}],"trending_post":"0","trending_post_position":"meta","trending_post_label":"Trending","sponsored_post":"0","sponsored_post_label":"Sponsored by","sponsored_post_name":"","sponsored_post_url":"","sponsored_post_logo_enable":"0","sponsored_post_logo":"","sponsored_post_desc":"","disable_ad":"0"},"jnews_primary_category":{"id":""},"footnotes":""},"categories":[1],"tags":[],"class_list":["post-88656","post","type-post","status-publish","format-standard","has-post-thumbnail","hentry","category-uncategorized"],"aioseo_notices":[],"_links":{"self":[{"href":"https:\/\/estado29.mx\/index.php?rest_route=\/wp\/v2\/posts\/88656","targetHints":{"allow":["GET"]}}],"collection":[{"href":"https:\/\/estado29.mx\/index.php?rest_route=\/wp\/v2\/posts"}],"about":[{"href":"https:\/\/estado29.mx\/index.php?rest_route=\/wp\/v2\/types\/post"}],"author":[{"embeddable":true,"href":"https:\/\/estado29.mx\/index.php?rest_route=\/wp\/v2\/users\/7"}],"replies":[{"embeddable":true,"href":"https:\/\/estado29.mx\/index.php?rest_route=%2Fwp%2Fv2%2Fcomments&post=88656"}],"version-history":[{"count":1,"href":"https:\/\/estado29.mx\/index.php?rest_route=\/wp\/v2\/posts\/88656\/revisions"}],"predecessor-version":[{"id":88657,"href":"https:\/\/estado29.mx\/index.php?rest_route=\/wp\/v2\/posts\/88656\/revisions\/88657"}],"wp:featuredmedia":[{"embeddable":true,"href":"https:\/\/estado29.mx\/index.php?rest_route=\/wp\/v2\/media\/88556"}],"wp:attachment":[{"href":"https:\/\/estado29.mx\/index.php?rest_route=%2Fwp%2Fv2%2Fmedia&parent=88656"}],"wp:term":[{"taxonomy":"category","embeddable":true,"href":"https:\/\/estado29.mx\/index.php?rest_route=%2Fwp%2Fv2%2Fcategories&post=88656"},{"taxonomy":"post_tag","embeddable":true,"href":"https:\/\/estado29.mx\/index.php?rest_route=%2Fwp%2Fv2%2Ftags&post=88656"}],"curies":[{"name":"wp","href":"https:\/\/api.w.org\/{rel}","templated":true}]}}