{"id":88664,"date":"2023-12-26T19:16:45","date_gmt":"2023-12-26T19:16:45","guid":{"rendered":"https:\/\/estado29.mx\/?p=88664"},"modified":"2023-12-26T19:16:48","modified_gmt":"2023-12-26T19:16:48","slug":"realizaran-encendido-de-parroquia-de-san-juan-bautista-en-ixtenco-como-parte-del-encuentro-nacional-otomi-en-ixtenco","status":"publish","type":"post","link":"https:\/\/estado29.mx\/?p=88664","title":{"rendered":"Realizar\u00e1n encendido de Parroquia de San Juan Bautista en Ixtenco como parte del Encuentro Nacional Otom\u00ed en Ixtenco."},"content":{"rendered":"\n<p>El Presidente Municipal de Ixtenco, Renato S\u00e1nchez Rojas, habl\u00f3 sobre el avance que se tiene en los trabajos de iluminaci\u00f3n de la Iglesia de San Juan Bautista.<\/p>\n\n\n\n<p><br>En este sentido, el alcalde detall\u00f3 que se tiene programado el d\u00eda 6 de enero pr\u00f3ximo, realizar el encendido de esta iluminaci\u00f3n, como parte del Encuentro Nacional Otom\u00ed.<\/p>\n\n\n<figure class=\"wp-block-post-featured-image\"><img loading=\"lazy\" decoding=\"async\" width=\"500\" height=\"375\" src=\"https:\/\/estado29.mx\/wp-content\/uploads\/2023\/12\/images.jpeg\" class=\"attachment-post-thumbnail size-post-thumbnail wp-post-image\" alt=\"\" style=\"object-fit:cover;\" srcset=\"https:\/\/estado29.mx\/wp-content\/uploads\/2023\/12\/images.jpeg 500w, https:\/\/estado29.mx\/wp-content\/uploads\/2023\/12\/images-300x225.jpeg 300w\" sizes=\"auto, (max-width: 500px) 100vw, 500px\" \/><\/figure>\n\n\n<p><br>El edil refiri\u00f3 que a partir de esa fecha, la iluminaci\u00f3n pasar\u00e1 a formar parte del alumbrado p\u00fablico del lugar \u201cbueno, estamos trabajando con la empresa Energain, que ilumin\u00f3 la iglesia de Cholula, el d\u00eda seis, el d\u00eda del Encuentro Nacional Otom\u00ed, ese d\u00eda haremos la inauguraci\u00f3n de la iluminaci\u00f3n, de todo el edificio, o de toda la Parroquia de San Juan Bautista, cabe destacar que la iluminaci\u00f3n instalada pasar\u00e1 a formar parte del alumbrado p\u00fablico, es decir el municipio a partir de esa fecha, va a pagar el costo de esa iluminaci\u00f3n\u201d.<\/p>\n","protected":false},"excerpt":{"rendered":"<p>El Presidente Municipal de Ixtenco, Renato S\u00e1nchez Rojas, habl\u00f3 sobre el avance que se tiene en los trabajos de iluminaci\u00f3n de la Iglesia de San Juan Bautista. En este sentido, el alcalde detall\u00f3 que se tiene programado el d\u00eda 6 de enero pr\u00f3ximo, realizar el encendido de esta iluminaci\u00f3n, como parte del Encuentro Nacional Otom\u00ed. [&hellip;]<\/p>\n","protected":false},"author":7,"featured_media":88665,"comment_status":"open","ping_status":"open","sticky":false,"template":"","format":"standard","meta":{"om_disable_all_campaigns":false,"_monsterinsights_skip_tracking":false,"_monsterinsights_sitenote_active":false,"_monsterinsights_sitenote_note":"","_monsterinsights_sitenote_category":0,"jnews-multi-image_gallery":[],"jnews_single_post":{"subtitle":"","format":"standard","video":"","gallery":"","source_name":"","source_url":"","via_name":"","via_url":"","override_template":"0","override":[{"template":"1","single_blog_custom":"","parallax":"1","fullscreen":"1","layout":"right-sidebar","sidebar":"default-sidebar","second_sidebar":"default-sidebar","sticky_sidebar":"1","share_position":"top","share_float_style":"share-monocrhome","show_share_counter":"1","show_view_counter":"1","show_featured":"1","show_post_meta":"1","show_post_author":"1","show_post_author_image":"1","show_post_date":"1","post_date_format":"default","post_date_format_custom":"Y\/m\/d","show_post_category":"1","show_post_reading_time":"0","post_reading_time_wpm":"300","show_zoom_button":"0","zoom_button_out_step":"2","zoom_button_in_step":"3","show_post_tag":"1","show_prev_next_post":"1","show_popup_post":"1","number_popup_post":"1","show_author_box":"1","show_post_related":"0","show_inline_post_related":"0"}],"override_image_size":"0","image_override":[{"single_post_thumbnail_size":"crop-500","single_post_gallery_size":"crop-500"}],"trending_post":"0","trending_post_position":"meta","trending_post_label":"Trending","sponsored_post":"0","sponsored_post_label":"Sponsored by","sponsored_post_name":"","sponsored_post_url":"","sponsored_post_logo_enable":"0","sponsored_post_logo":"","sponsored_post_desc":"","disable_ad":"0"},"jnews_primary_category":{"id":""},"footnotes":""},"categories":[1],"tags":[],"class_list":["post-88664","post","type-post","status-publish","format-standard","has-post-thumbnail","hentry","category-uncategorized"],"aioseo_notices":[],"_links":{"self":[{"href":"https:\/\/estado29.mx\/index.php?rest_route=\/wp\/v2\/posts\/88664","targetHints":{"allow":["GET"]}}],"collection":[{"href":"https:\/\/estado29.mx\/index.php?rest_route=\/wp\/v2\/posts"}],"about":[{"href":"https:\/\/estado29.mx\/index.php?rest_route=\/wp\/v2\/types\/post"}],"author":[{"embeddable":true,"href":"https:\/\/estado29.mx\/index.php?rest_route=\/wp\/v2\/users\/7"}],"replies":[{"embeddable":true,"href":"https:\/\/estado29.mx\/index.php?rest_route=%2Fwp%2Fv2%2Fcomments&post=88664"}],"version-history":[{"count":1,"href":"https:\/\/estado29.mx\/index.php?rest_route=\/wp\/v2\/posts\/88664\/revisions"}],"predecessor-version":[{"id":88666,"href":"https:\/\/estado29.mx\/index.php?rest_route=\/wp\/v2\/posts\/88664\/revisions\/88666"}],"wp:featuredmedia":[{"embeddable":true,"href":"https:\/\/estado29.mx\/index.php?rest_route=\/wp\/v2\/media\/88665"}],"wp:attachment":[{"href":"https:\/\/estado29.mx\/index.php?rest_route=%2Fwp%2Fv2%2Fmedia&parent=88664"}],"wp:term":[{"taxonomy":"category","embeddable":true,"href":"https:\/\/estado29.mx\/index.php?rest_route=%2Fwp%2Fv2%2Fcategories&post=88664"},{"taxonomy":"post_tag","embeddable":true,"href":"https:\/\/estado29.mx\/index.php?rest_route=%2Fwp%2Fv2%2Ftags&post=88664"}],"curies":[{"name":"wp","href":"https:\/\/api.w.org\/{rel}","templated":true}]}}