{"id":88667,"date":"2023-12-26T19:28:38","date_gmt":"2023-12-26T19:28:38","guid":{"rendered":"https:\/\/estado29.mx\/?p=88667"},"modified":"2023-12-26T19:29:04","modified_gmt":"2023-12-26T19:29:04","slug":"registra-ixtenco-tres-meses-sin-incidencia-delictiva","status":"publish","type":"post","link":"https:\/\/estado29.mx\/?p=88667","title":{"rendered":"Registra Ixtenco tres meses sin incidencia delictiva."},"content":{"rendered":"\n<p>El Presidente Municipal de Ixtenco, Renato S\u00e1nchez Rojas, enfatiz\u00f3 que el lugar, lleva ya tres meses sin incidentes delictivos, de acuerdo con Comisi\u00f3n Estatal de Seguridad P\u00fablica.<\/p>\n\n\n\n<p><br>El alcalde agreg\u00f3 que el lugar tiene el ochenta por ciento de certificaci\u00f3n de elementos, as\u00ed como la adquisici\u00f3n de tres unidades nuevas y la colocaci\u00f3n de c\u00e1maras de video vigilancia en diferentes puntos del municipio, con el objetivo de salvaguardar la integridad de ciudadanos y visitantes \u201cbueno, en el caso de Ixtenco, tenemos ya tres meses sin incidencia delictiva, de acuerdo a la Secretar\u00eda de Seguridad P\u00fablica o la Comisi\u00f3n de Seguridad P\u00fablica\u201d.<\/p>\n\n\n<figure class=\"wp-block-post-featured-image\"><img loading=\"lazy\" decoding=\"async\" width=\"2560\" height=\"1653\" src=\"https:\/\/estado29.mx\/wp-content\/uploads\/2023\/12\/IMG_20231113_1339432-scaled.jpg\" class=\"attachment-post-thumbnail size-post-thumbnail wp-post-image\" alt=\"\" style=\"object-fit:cover;\" srcset=\"https:\/\/estado29.mx\/wp-content\/uploads\/2023\/12\/IMG_20231113_1339432-scaled.jpg 2560w, https:\/\/estado29.mx\/wp-content\/uploads\/2023\/12\/IMG_20231113_1339432-300x194.jpg 300w, https:\/\/estado29.mx\/wp-content\/uploads\/2023\/12\/IMG_20231113_1339432-1024x661.jpg 1024w, https:\/\/estado29.mx\/wp-content\/uploads\/2023\/12\/IMG_20231113_1339432-768x496.jpg 768w, https:\/\/estado29.mx\/wp-content\/uploads\/2023\/12\/IMG_20231113_1339432-1536x992.jpg 1536w, https:\/\/estado29.mx\/wp-content\/uploads\/2023\/12\/IMG_20231113_1339432-2048x1323.jpg 2048w, https:\/\/estado29.mx\/wp-content\/uploads\/2023\/12\/IMG_20231113_1339432-750x484.jpg 750w, https:\/\/estado29.mx\/wp-content\/uploads\/2023\/12\/IMG_20231113_1339432-1140x736.jpg 1140w\" sizes=\"auto, (max-width: 2560px) 100vw, 2560px\" \/><\/figure>\n\n\n<p><br>S\u00e1nchez Rojas coment\u00f3 que \u201ctenemos el ochenta por ciento de certificaci\u00f3n de nuestros elementos, adquirimos tres unidades nuevas, que eso es importante porque actualmente tenemos cuatro patrullas funcionando, el promedio general de acuerdo a los datos de la Secretar\u00eda en el sistema nacional, tendr\u00edamos dos, nosotros tenemos cuatro, entonces este, en esa parte, lo tenemos cubierto, instalamos 27 equipos en los barrios y diez m\u00e1s en las escuelas y tenemos adicionalmente nuestro dron que hace reconocimientos, en t\u00e9rminos de seguridad p\u00fablica\u201d.<\/p>\n","protected":false},"excerpt":{"rendered":"<p>El Presidente Municipal de Ixtenco, Renato S\u00e1nchez Rojas, enfatiz\u00f3 que el lugar, lleva ya tres meses sin incidentes delictivos, de acuerdo con Comisi\u00f3n Estatal de Seguridad P\u00fablica. El alcalde agreg\u00f3 que el lugar tiene el ochenta por ciento de certificaci\u00f3n de elementos, as\u00ed como la adquisici\u00f3n de tres unidades nuevas y la colocaci\u00f3n de c\u00e1maras [&hellip;]<\/p>\n","protected":false},"author":7,"featured_media":88617,"comment_status":"closed","ping_status":"closed","sticky":false,"template":"","format":"standard","meta":{"om_disable_all_campaigns":false,"_monsterinsights_skip_tracking":false,"_monsterinsights_sitenote_active":false,"_monsterinsights_sitenote_note":"","_monsterinsights_sitenote_category":0,"jnews-multi-image_gallery":[],"jnews_single_post":{"format":"standard"},"jnews_primary_category":{"id":""},"footnotes":""},"categories":[1],"tags":[],"class_list":["post-88667","post","type-post","status-publish","format-standard","has-post-thumbnail","hentry","category-uncategorized"],"aioseo_notices":[],"_links":{"self":[{"href":"https:\/\/estado29.mx\/index.php?rest_route=\/wp\/v2\/posts\/88667","targetHints":{"allow":["GET"]}}],"collection":[{"href":"https:\/\/estado29.mx\/index.php?rest_route=\/wp\/v2\/posts"}],"about":[{"href":"https:\/\/estado29.mx\/index.php?rest_route=\/wp\/v2\/types\/post"}],"author":[{"embeddable":true,"href":"https:\/\/estado29.mx\/index.php?rest_route=\/wp\/v2\/users\/7"}],"replies":[{"embeddable":true,"href":"https:\/\/estado29.mx\/index.php?rest_route=%2Fwp%2Fv2%2Fcomments&post=88667"}],"version-history":[{"count":1,"href":"https:\/\/estado29.mx\/index.php?rest_route=\/wp\/v2\/posts\/88667\/revisions"}],"predecessor-version":[{"id":88668,"href":"https:\/\/estado29.mx\/index.php?rest_route=\/wp\/v2\/posts\/88667\/revisions\/88668"}],"wp:featuredmedia":[{"embeddable":true,"href":"https:\/\/estado29.mx\/index.php?rest_route=\/wp\/v2\/media\/88617"}],"wp:attachment":[{"href":"https:\/\/estado29.mx\/index.php?rest_route=%2Fwp%2Fv2%2Fmedia&parent=88667"}],"wp:term":[{"taxonomy":"category","embeddable":true,"href":"https:\/\/estado29.mx\/index.php?rest_route=%2Fwp%2Fv2%2Fcategories&post=88667"},{"taxonomy":"post_tag","embeddable":true,"href":"https:\/\/estado29.mx\/index.php?rest_route=%2Fwp%2Fv2%2Ftags&post=88667"}],"curies":[{"name":"wp","href":"https:\/\/api.w.org\/{rel}","templated":true}]}}