{"id":88681,"date":"2023-12-29T17:19:18","date_gmt":"2023-12-29T17:19:18","guid":{"rendered":"https:\/\/estado29.mx\/?p=88681"},"modified":"2023-12-29T17:19:19","modified_gmt":"2023-12-29T17:19:19","slug":"tendra-huamantla-segunda-gran-feria-de-empleo","status":"publish","type":"post","link":"https:\/\/estado29.mx\/?p=88681","title":{"rendered":"Tendr\u00e1 Huamantla Segunda Gran Feria de Empleo."},"content":{"rendered":"\n<p>La Coordinadora de Desarrollo Econ\u00f3mico y Comercio en el Municipio de Huamantla, Amada Acoltzi Gonz\u00e1lez, refiri\u00f3 que el pr\u00f3ximo 4 de Enero, se llevar\u00e1 a cabo la Segunda Gran Feria de Empleo.<\/p>\n\n\n\n<p><br>Acoltzi Gobz\u00e1lez, agreg\u00f3 que esta Gran Feria, tendr\u00e1 lugar en las instalaciones de La Cancha 13, de diez de la ma\u00f1ana a dos de la tarde \u201cdentro de las actividades de Aldea M\u00e1gica, concluyen las actividades del 6 de enero, entonces nosotros el pr\u00f3ximo 4 de enero, vamos a tener una Gran Feria de Empleo, por la cantidad de empresas que participan, esta se va a llevar a cabo en la Cancha 13, y va a dar inicio a las diez de la ma\u00f1ana, de diez de la ma\u00f1ana a dos de la tarde\u201d.<\/p>\n\n\n\n<p><br>La Coordinadora de Desarrollo Econ\u00f3mico y Comerci\u00f3 coment\u00f3 que se van a acondicionar espacios, a fin de que las empresas puedan mostrar todo el material de vacantes que ofrecen \u201cvamos a adaptar los espacios para que las empresas participantes, tengan la posibilidad de mostrar todo el material que traen, para que la gente quede con toda la informaci\u00f3n y con toda la claridad, a qu\u00e9 se dedica la empresa, cu\u00e1l es la vacante que ofrece, las prestaciones, los sueldos, todo lo que ofrecen y puedan tomar la decisi\u00f3n que m\u00e1s les convenga, nos va a dar mucho gusto que participen m\u00e1s empresas, estamos en esto todav\u00eda\u201d.<\/p>\n\n\n<figure class=\"wp-block-post-featured-image\"><img loading=\"lazy\" decoding=\"async\" width=\"2560\" height=\"1920\" src=\"https:\/\/estado29.mx\/wp-content\/uploads\/2023\/09\/IMG_20230925_145907-min-scaled.jpg\" class=\"attachment-post-thumbnail size-post-thumbnail wp-post-image\" alt=\"\" style=\"object-fit:cover;\" srcset=\"https:\/\/estado29.mx\/wp-content\/uploads\/2023\/09\/IMG_20230925_145907-min-scaled.jpg 2560w, https:\/\/estado29.mx\/wp-content\/uploads\/2023\/09\/IMG_20230925_145907-min-300x225.jpg 300w, https:\/\/estado29.mx\/wp-content\/uploads\/2023\/09\/IMG_20230925_145907-min-1024x768.jpg 1024w, https:\/\/estado29.mx\/wp-content\/uploads\/2023\/09\/IMG_20230925_145907-min-768x576.jpg 768w, https:\/\/estado29.mx\/wp-content\/uploads\/2023\/09\/IMG_20230925_145907-min-1536x1152.jpg 1536w, https:\/\/estado29.mx\/wp-content\/uploads\/2023\/09\/IMG_20230925_145907-min-2048x1536.jpg 2048w, https:\/\/estado29.mx\/wp-content\/uploads\/2023\/09\/IMG_20230925_145907-min-750x563.jpg 750w, https:\/\/estado29.mx\/wp-content\/uploads\/2023\/09\/IMG_20230925_145907-min-1140x855.jpg 1140w\" sizes=\"auto, (max-width: 2560px) 100vw, 2560px\" \/><\/figure>","protected":false},"excerpt":{"rendered":"<p>La Coordinadora de Desarrollo Econ\u00f3mico y Comercio en el Municipio de Huamantla, Amada Acoltzi Gonz\u00e1lez, refiri\u00f3 que el pr\u00f3ximo 4 de Enero, se llevar\u00e1 a cabo la Segunda Gran Feria de Empleo. Acoltzi Gobz\u00e1lez, agreg\u00f3 que esta Gran Feria, tendr\u00e1 lugar en las instalaciones de La Cancha 13, de diez de la ma\u00f1ana a dos [&hellip;]<\/p>\n","protected":false},"author":7,"featured_media":88042,"comment_status":"open","ping_status":"open","sticky":false,"template":"","format":"standard","meta":{"om_disable_all_campaigns":false,"_monsterinsights_skip_tracking":false,"_monsterinsights_sitenote_active":false,"_monsterinsights_sitenote_note":"","_monsterinsights_sitenote_category":0,"jnews-multi-image_gallery":[],"jnews_single_post":{"subtitle":"","format":"standard","video":"","gallery":"","source_name":"","source_url":"","via_name":"","via_url":"","override_template":"0","override":[{"template":"1","single_blog_custom":"","parallax":"1","fullscreen":"1","layout":"right-sidebar","sidebar":"default-sidebar","second_sidebar":"default-sidebar","sticky_sidebar":"1","share_position":"top","share_float_style":"share-monocrhome","show_share_counter":"1","show_view_counter":"1","show_featured":"1","show_post_meta":"1","show_post_author":"1","show_post_author_image":"1","show_post_date":"1","post_date_format":"default","post_date_format_custom":"Y\/m\/d","show_post_category":"1","show_post_reading_time":"0","post_reading_time_wpm":"300","show_zoom_button":"0","zoom_button_out_step":"2","zoom_button_in_step":"3","show_post_tag":"1","show_prev_next_post":"1","show_popup_post":"1","number_popup_post":"1","show_author_box":"1","show_post_related":"0","show_inline_post_related":"0"}],"override_image_size":"0","image_override":[{"single_post_thumbnail_size":"crop-500","single_post_gallery_size":"crop-500"}],"trending_post":"0","trending_post_position":"meta","trending_post_label":"Trending","sponsored_post":"0","sponsored_post_label":"Sponsored by","sponsored_post_name":"","sponsored_post_url":"","sponsored_post_logo_enable":"0","sponsored_post_logo":"","sponsored_post_desc":"","disable_ad":"0"},"jnews_primary_category":{"id":""},"footnotes":""},"categories":[1],"tags":[],"class_list":["post-88681","post","type-post","status-publish","format-standard","has-post-thumbnail","hentry","category-uncategorized"],"aioseo_notices":[],"_links":{"self":[{"href":"https:\/\/estado29.mx\/index.php?rest_route=\/wp\/v2\/posts\/88681","targetHints":{"allow":["GET"]}}],"collection":[{"href":"https:\/\/estado29.mx\/index.php?rest_route=\/wp\/v2\/posts"}],"about":[{"href":"https:\/\/estado29.mx\/index.php?rest_route=\/wp\/v2\/types\/post"}],"author":[{"embeddable":true,"href":"https:\/\/estado29.mx\/index.php?rest_route=\/wp\/v2\/users\/7"}],"replies":[{"embeddable":true,"href":"https:\/\/estado29.mx\/index.php?rest_route=%2Fwp%2Fv2%2Fcomments&post=88681"}],"version-history":[{"count":1,"href":"https:\/\/estado29.mx\/index.php?rest_route=\/wp\/v2\/posts\/88681\/revisions"}],"predecessor-version":[{"id":88682,"href":"https:\/\/estado29.mx\/index.php?rest_route=\/wp\/v2\/posts\/88681\/revisions\/88682"}],"wp:featuredmedia":[{"embeddable":true,"href":"https:\/\/estado29.mx\/index.php?rest_route=\/wp\/v2\/media\/88042"}],"wp:attachment":[{"href":"https:\/\/estado29.mx\/index.php?rest_route=%2Fwp%2Fv2%2Fmedia&parent=88681"}],"wp:term":[{"taxonomy":"category","embeddable":true,"href":"https:\/\/estado29.mx\/index.php?rest_route=%2Fwp%2Fv2%2Fcategories&post=88681"},{"taxonomy":"post_tag","embeddable":true,"href":"https:\/\/estado29.mx\/index.php?rest_route=%2Fwp%2Fv2%2Ftags&post=88681"}],"curies":[{"name":"wp","href":"https:\/\/api.w.org\/{rel}","templated":true}]}}