{"id":88691,"date":"2024-01-03T19:26:21","date_gmt":"2024-01-03T19:26:21","guid":{"rendered":"https:\/\/estado29.mx\/?p=88691"},"modified":"2024-01-03T19:28:00","modified_gmt":"2024-01-03T19:28:00","slug":"grandes-exponentes-del-rock-y-el-ska-nacional-se-presentan-en-ixtenco-durante-el-tercer-encuentro-nacional-otomi","status":"publish","type":"post","link":"https:\/\/estado29.mx\/?p=88691","title":{"rendered":"Grandes exponentes del Rock y el Ska  Nacional se presentan en Ixtenco durante el Tercer Encuentro Nacional Otom\u00ed."},"content":{"rendered":"\n<p>El pr\u00f3ximo viernes 5, s\u00e1bado6 y domingo 7 de enero del presente a\u00f1o, se llevar\u00e1 a cabo, en el Municipio de Ixtenco, el Tercer Encuentro Nacional Otom\u00ed. Un evento sin precedentes que ha nacido del profundo amor que Renato S\u00e1nchez Rojas, Presidente Municipal, tiene por su cultura, sus tradiciones y su herencia milenaria.<\/p>\n\n\n\n<figure class=\"wp-block-image size-large\"><img loading=\"lazy\" decoding=\"async\" width=\"1024\" height=\"791\" src=\"https:\/\/estado29.mx\/wp-content\/uploads\/2024\/01\/IMG-20240103-WA0016-1024x791.jpg\" alt=\"\" class=\"wp-image-88694\" srcset=\"https:\/\/estado29.mx\/wp-content\/uploads\/2024\/01\/IMG-20240103-WA0016-1024x791.jpg 1024w, https:\/\/estado29.mx\/wp-content\/uploads\/2024\/01\/IMG-20240103-WA0016-300x232.jpg 300w, https:\/\/estado29.mx\/wp-content\/uploads\/2024\/01\/IMG-20240103-WA0016-768x593.jpg 768w, https:\/\/estado29.mx\/wp-content\/uploads\/2024\/01\/IMG-20240103-WA0016-1536x1187.jpg 1536w, https:\/\/estado29.mx\/wp-content\/uploads\/2024\/01\/IMG-20240103-WA0016-750x579.jpg 750w, https:\/\/estado29.mx\/wp-content\/uploads\/2024\/01\/IMG-20240103-WA0016-1140x881.jpg 1140w, https:\/\/estado29.mx\/wp-content\/uploads\/2024\/01\/IMG-20240103-WA0016.jpg 1600w\" sizes=\"auto, (max-width: 1024px) 100vw, 1024px\" \/><\/figure>\n\n\n\n<p><br>Ixtenco ser\u00e1 la cuna de la naci\u00f3n otom\u00ed durante tres d\u00edas consecutivos en donde la cultura, la m\u00fasica, el sabor de su gastronom\u00eda y los saberes milenarios ser\u00e1n compartidos en el escenario de este gran encuentro, que se perfila para ser uno de los referentes culturales m\u00e1s sonados del pa\u00eds.<\/p>\n\n\n\n<p>A esta fiesta cultural se unen dos grandes del rock y ska nacional ya que el s\u00e1bado 6 de enero se presentan LOS DE ABAJO banda mexicana que ha puesto el alto el nombre de M\u00e9xico en festivales internacionales. Para el domingo 7 est\u00e1n los grandes del surf nacional \u201cEl Sr. Bikini\u201d. Cabe mencionar que habr\u00e1 otras presentaciones importantes de la escena local y regional como \u201cLos Revoltosos\u201d \u201cSkaloquera\u201d y \u201cEl cuarto de la cara\u201d. Sin duda la oferta alternativa no se queda atr\u00e1s con propuestas como \u201cMexican Sound System\u201d.<\/p>\n\n\n<figure class=\"wp-block-post-featured-image\"><img loading=\"lazy\" decoding=\"async\" width=\"2560\" height=\"1920\" src=\"https:\/\/estado29.mx\/wp-content\/uploads\/2023\/08\/IMG_20230517_113335-min-1-scaled.jpg\" class=\"attachment-post-thumbnail size-post-thumbnail wp-post-image\" alt=\"\" style=\"object-fit:cover;\" srcset=\"https:\/\/estado29.mx\/wp-content\/uploads\/2023\/08\/IMG_20230517_113335-min-1-scaled.jpg 2560w, https:\/\/estado29.mx\/wp-content\/uploads\/2023\/08\/IMG_20230517_113335-min-1-300x225.jpg 300w, https:\/\/estado29.mx\/wp-content\/uploads\/2023\/08\/IMG_20230517_113335-min-1-1024x768.jpg 1024w, https:\/\/estado29.mx\/wp-content\/uploads\/2023\/08\/IMG_20230517_113335-min-1-768x576.jpg 768w, https:\/\/estado29.mx\/wp-content\/uploads\/2023\/08\/IMG_20230517_113335-min-1-1536x1152.jpg 1536w, https:\/\/estado29.mx\/wp-content\/uploads\/2023\/08\/IMG_20230517_113335-min-1-2048x1536.jpg 2048w, https:\/\/estado29.mx\/wp-content\/uploads\/2023\/08\/IMG_20230517_113335-min-1-750x563.jpg 750w, https:\/\/estado29.mx\/wp-content\/uploads\/2023\/08\/IMG_20230517_113335-min-1-1140x855.jpg 1140w\" sizes=\"auto, (max-width: 2560px) 100vw, 2560px\" \/><\/figure>\n\n\n<p><br>Es por ello que autoridades municipal hacen la invitaci\u00f3n a los lectores de este medio, para que acudan estos eventos<\/p>\n","protected":false},"excerpt":{"rendered":"<p>El pr\u00f3ximo viernes 5, s\u00e1bado6 y domingo 7 de enero del presente a\u00f1o, se llevar\u00e1 a cabo, en el Municipio de Ixtenco, el Tercer Encuentro Nacional Otom\u00ed. Un evento sin precedentes que ha nacido del profundo amor que Renato S\u00e1nchez Rojas, Presidente Municipal, tiene por su cultura, sus tradiciones y su herencia milenaria. Ixtenco ser\u00e1 [&hellip;]<\/p>\n","protected":false},"author":7,"featured_media":87749,"comment_status":"open","ping_status":"open","sticky":false,"template":"","format":"standard","meta":{"om_disable_all_campaigns":false,"_monsterinsights_skip_tracking":false,"_monsterinsights_sitenote_active":false,"_monsterinsights_sitenote_note":"","_monsterinsights_sitenote_category":0,"jnews-multi-image_gallery":[],"jnews_single_post":{"subtitle":"","format":"standard","video":"","gallery":"","source_name":"","source_url":"","via_name":"","via_url":"","override_template":"0","override":[{"template":"1","single_blog_custom":"","parallax":"1","fullscreen":"1","layout":"right-sidebar","sidebar":"default-sidebar","second_sidebar":"default-sidebar","sticky_sidebar":"1","share_position":"top","share_float_style":"share-monocrhome","show_share_counter":"1","show_view_counter":"1","show_featured":"1","show_post_meta":"1","show_post_author":"1","show_post_author_image":"1","show_post_date":"1","post_date_format":"default","post_date_format_custom":"Y\/m\/d","show_post_category":"1","show_post_reading_time":"0","post_reading_time_wpm":"300","show_zoom_button":"0","zoom_button_out_step":"2","zoom_button_in_step":"3","show_post_tag":"1","show_prev_next_post":"1","show_popup_post":"1","number_popup_post":"1","show_author_box":"1","show_post_related":"0","show_inline_post_related":"0"}],"override_image_size":"0","image_override":[{"single_post_thumbnail_size":"crop-500","single_post_gallery_size":"crop-500"}],"trending_post":"0","trending_post_position":"meta","trending_post_label":"Trending","sponsored_post":"0","sponsored_post_label":"Sponsored by","sponsored_post_name":"","sponsored_post_url":"","sponsored_post_logo_enable":"0","sponsored_post_logo":"","sponsored_post_desc":"","disable_ad":"0"},"jnews_primary_category":{"id":""},"footnotes":""},"categories":[1],"tags":[],"class_list":["post-88691","post","type-post","status-publish","format-standard","has-post-thumbnail","hentry","category-uncategorized"],"aioseo_notices":[],"_links":{"self":[{"href":"https:\/\/estado29.mx\/index.php?rest_route=\/wp\/v2\/posts\/88691","targetHints":{"allow":["GET"]}}],"collection":[{"href":"https:\/\/estado29.mx\/index.php?rest_route=\/wp\/v2\/posts"}],"about":[{"href":"https:\/\/estado29.mx\/index.php?rest_route=\/wp\/v2\/types\/post"}],"author":[{"embeddable":true,"href":"https:\/\/estado29.mx\/index.php?rest_route=\/wp\/v2\/users\/7"}],"replies":[{"embeddable":true,"href":"https:\/\/estado29.mx\/index.php?rest_route=%2Fwp%2Fv2%2Fcomments&post=88691"}],"version-history":[{"count":2,"href":"https:\/\/estado29.mx\/index.php?rest_route=\/wp\/v2\/posts\/88691\/revisions"}],"predecessor-version":[{"id":88695,"href":"https:\/\/estado29.mx\/index.php?rest_route=\/wp\/v2\/posts\/88691\/revisions\/88695"}],"wp:featuredmedia":[{"embeddable":true,"href":"https:\/\/estado29.mx\/index.php?rest_route=\/wp\/v2\/media\/87749"}],"wp:attachment":[{"href":"https:\/\/estado29.mx\/index.php?rest_route=%2Fwp%2Fv2%2Fmedia&parent=88691"}],"wp:term":[{"taxonomy":"category","embeddable":true,"href":"https:\/\/estado29.mx\/index.php?rest_route=%2Fwp%2Fv2%2Fcategories&post=88691"},{"taxonomy":"post_tag","embeddable":true,"href":"https:\/\/estado29.mx\/index.php?rest_route=%2Fwp%2Fv2%2Ftags&post=88691"}],"curies":[{"name":"wp","href":"https:\/\/api.w.org\/{rel}","templated":true}]}}